{"id":239589,"date":"2026-09-04T19:57:10","date_gmt":"2026-09-04T19:57:10","guid":{"rendered":"https:\/\/www.europesays.com\/be-fr\/239589\/"},"modified":"2026-09-04T19:57:10","modified_gmt":"2026-09-04T19:57:10","slug":"telephones-reconditionnes-la-bonne-affaire-pour-votre-portefeuille-et-la-planete","status":"publish","type":"post","link":"https:\/\/www.europesays.com\/be-fr\/239589\/","title":{"rendered":"T\u00e9l\u00e9phones reconditionn\u00e9s\u00a0: la bonne affaire pour votre portefeuille et la plan\u00e8te"},"content":{"rendered":"<p class=\"ap-StoryElement ap-StoryElement--mb ap-StoryText\">Sur ce march\u00e9, la plateforme europ\u00e9enne <a href=\"https:\/\/www.refurbed.be\/fr-be\/\" target=\"_self\" rel=\"nofollow noopener\">Reburfed <\/a>est un exemple repr\u00e9sentatif de ce mode de fonctionnement. Ce site de commerce \u00e9lectronique offre des articles remis \u00e0 neuf avec une garantie minimale de 12 mois et les frais de livraison inclus, ainsi qu&rsquo;un d\u00e9lai de r\u00e9tractation de 30 jours si l&rsquo;article ne r\u00e9pond pas aux attentes.<\/p>\n<p class=\"ap-StoryElement ap-StoryElement--mb ap-StoryText\">Une comparaison des prix montre l&rsquo;int\u00e9r\u00eat financier de cette d\u00e9marche. Par exemple, pour le mod\u00e8le test\u00e9 Samsung Galaxy Z Fold7, qui est sorti il y a un an, le prix neuf est de 2 049 \u20ac sur le site de la marque. Reconditionn\u00e9, il s&rsquo;affichait \u00e0 1 403,99 \u20ac en qualit\u00e9 \u00ab\u00a0Premium\u00a0\u00bb et \u00e0 1 088,99 \u20ac en qualit\u00e9 \u00ab\u00a0Tr\u00e8s bien\u00a0\u00bb.<\/p>\n<p class=\"ap-StoryElement ap-StoryElement--mb ap-StoryText\">Les cat\u00e9gories des appareils reconditionn\u00e9s :<\/p>\n<p>PremiumExcellentTr\u00e8s bienBien\u00c9cran : identique \u00e0 neuf\u00c9cran : aspect neuf\u00c9cran : pas de rayures visibles \u00e0 l&rsquo;allumage\u00c9cran : pas de rayures visibles \u00e0 l&rsquo;allumageBo\u00eetier : identique \u00e0 neufBo\u00eetier : pas de rayures visibles de pr\u00e8sBo\u00eetier : signes minimes d&rsquo;utilisation &#8211; visibles \u00e0 partir de 30cmBo\u00eetier : petites rayures ou bosses<\/p>\n<p class=\"ap-StoryElement ap-StoryElement--mb ap-StoryText\">Cette importante diff\u00e9rence de prix s&rsquo;explique sans sacrifier les performances de l&rsquo;appareil. Techniquement, les \u00e9carts entre deux g\u00e9n\u00e9rations de smartphones restent minimes. Les nouveaut\u00e9s se r\u00e9sument \u00e0 un processeur un peu plus rapide, un capteur photo ultra-grand-angle plus puissant et une batterie de plus grande capacit\u00e9.<\/p>\n<p><img loading=\"lazy\" decoding=\"async\" class=\"w-full lazyload lazyload--opacity object-contain\" style=\"aspect-ratio:28.000000000000004 \/ 100;opacity:1\" alt=\"Comparaison des caract\u00e9ristiques des Samsung Galaxy Z Fold 8,7 et 6\" width=\"768\" height=\"2720\" fetchpriority=\"auto\" src=\"https:\/\/www.europesays.com\/be-fr\/wp-content\/uploads\/2026\/09\/1788551829_685_S5VKD3X55FFF3BW6V4SEHXNP7I.png\"  data- data-optimumx=\"1\"\/><img loading=\"lazy\" decoding=\"async\" src=\"https:\/\/www.europesays.com\/be-fr\/wp-content\/uploads\/2026\/09\/375JASJAGVE2BCKEO6N6TAMEEA.jpg\" width=\"768\" height=\"2720\" alt=\"Comparaison des caract\u00e9ristiques des Samsung Galaxy Z Fold 8,7 et 6\" class=\"absolute inset-0 w-full\"\/>Comparaison des caract\u00e9ristiques des Samsung Galaxy Z Fold 8,7 et 6 \u00a9SamsungL&rsquo;enjeu crucial de la batterie<\/p>\n<p class=\"ap-StoryElement ap-StoryElement--mb ap-StoryText\">En ce qui concerne les autres aspects, tels que l&rsquo;\u00e9cran, le design et le poids, l&rsquo;appareil examin\u00e9 ne pr\u00e9sente aucune modification. De plus, il est arriv\u00e9 dans un \u00e9tat parfait, sans aucune \u00e9gratignure sur l&rsquo;\u00e9cran ou le bo\u00eetier. En ce qui concerne le syst\u00e8me d&rsquo;exploitation, la version install\u00e9e recevra \u00e9galement, \u00e0 terme, les mises \u00e0 jour logicielles futures de la marque.<\/p>\n<p class=\"ap-StoryElement ap-StoryElement--mb ap-StoryText\">Sur un appareil d&rsquo;occasion, l&rsquo;\u00e9tat de la batterie demeure une pr\u00e9occupation majeure. La plateforme propose deux formules lors de la commande. La premi\u00e8re consiste \u00e0 conserver la batterie d&rsquo;origine si elle fonctionne correctement, ce qui \u00e9vite la production de pollution ou de d\u00e9chets inutiles.<\/p>\n<p class=\"ap-StoryElement ap-StoryElement--mb ap-StoryText\">La seconde formule permet de faire installer une batterie neuve et certifi\u00e9e par le vendeur, ce qui implique un surco\u00fbt financier et un bilan \u00e9cologique moins favorable. De plus, il est souvent possible de revendre directement son ancien t\u00e9l\u00e9phone \u00e0 l&rsquo;entreprise pour faire baisser la note globale de l&rsquo;achat.<\/p>\n<p>Un choix \u00e9conomique et \u00e9cologique<\/p>\n<p class=\"ap-StoryElement ap-StoryElement--mb ap-StoryText\">Ces plateformes ne se limitent plus aux seuls t\u00e9l\u00e9phones, mais \u00e9tendent leur offre au mat\u00e9riel informatique, aux articles de sport, de cuisine ou pour b\u00e9b\u00e9s. Active dans 24 pays europ\u00e9ens, cette internationalisation entra\u00eene parfois de l\u00e9gers soucis de traductions manquantes sur le site ou des extensions de garantie r\u00e9dig\u00e9es dans une langue \u00e9trang\u00e8re.<\/p>\n<p class=\"ap-StoryElement ap-StoryElement--mb ap-StoryText\">En conclusion, opter pour un smartphone reconditionn\u00e9 est b\u00e9n\u00e9fique pour le budget et r\u00e9duit les d\u00e9chets \u00e9lectroniques.<\/p>\n","protected":false},"excerpt":{"rendered":"Sur ce march\u00e9, la plateforme europ\u00e9enne Reburfed est un exemple repr\u00e9sentatif de ce mode de fonctionnement. Ce site&hellip;\n","protected":false},"author":2,"featured_media":239590,"comment_status":"","ping_status":"","sticky":false,"template":"","format":"standard","meta":{"footnotes":"","_share_on_mastodon":"0"},"categories":[70],"tags":[12,13,18,17,103,104,73,71,75,72,76,74],"class_list":["post-239589","post","type-post","status-publish","format-standard","has-post-thumbnail","category-sciences-et-technologies","tag-be","tag-be-fr","tag-belgique","tag-belgium","tag-horizontal","tag-politics","tag-science","tag-science-and-technology","tag-sciences","tag-sciences-et-technologies","tag-technologies","tag-technology"],"share_on_mastodon":{"url":"https:\/\/pubeurope.com\/@be_fr\/117214540621462886","error":""},"_links":{"self":[{"href":"https:\/\/www.europesays.com\/be-fr\/wp-json\/wp\/v2\/posts\/239589","targetHints":{"allow":["GET"]}}],"collection":[{"href":"https:\/\/www.europesays.com\/be-fr\/wp-json\/wp\/v2\/posts"}],"about":[{"href":"https:\/\/www.europesays.com\/be-fr\/wp-json\/wp\/v2\/types\/post"}],"author":[{"embeddable":true,"href":"https:\/\/www.europesays.com\/be-fr\/wp-json\/wp\/v2\/users\/2"}],"replies":[{"embeddable":true,"href":"https:\/\/www.europesays.com\/be-fr\/wp-json\/wp\/v2\/comments?post=239589"}],"version-history":[{"count":0,"href":"https:\/\/www.europesays.com\/be-fr\/wp-json\/wp\/v2\/posts\/239589\/revisions"}],"wp:featuredmedia":[{"embeddable":true,"href":"https:\/\/www.europesays.com\/be-fr\/wp-json\/wp\/v2\/media\/239590"}],"wp:attachment":[{"href":"https:\/\/www.europesays.com\/be-fr\/wp-json\/wp\/v2\/media?parent=239589"}],"wp:term":[{"taxonomy":"category","embeddable":true,"href":"https:\/\/www.europesays.com\/be-fr\/wp-json\/wp\/v2\/categories?post=239589"},{"taxonomy":"post_tag","embeddable":true,"href":"https:\/\/www.europesays.com\/be-fr\/wp-json\/wp\/v2\/tags?post=239589"}],"curies":[{"name":"wp","href":"https:\/\/api.w.org\/{rel}","templated":true}]}}