{"id":239615,"date":"2026-09-04T20:20:08","date_gmt":"2026-09-04T20:20:08","guid":{"rendered":"https:\/\/www.europesays.com\/be-fr\/239615\/"},"modified":"2026-09-04T20:20:08","modified_gmt":"2026-09-04T20:20:08","slug":"ca-ne-rigolait-pas-patrick-bruel-vu-a-une-soiree-danniversaire-apres-sa-mise-en-examen","status":"publish","type":"post","link":"https:\/\/www.europesays.com\/be-fr\/239615\/","title":{"rendered":"\u00ab\u00a0\u00c7a ne rigolait pas\u00a0\u00bb: Patrick Bruel vu \u00e0 une soir\u00e9e d&rsquo;anniversaire apr\u00e8s sa mise en examen"},"content":{"rendered":"<p class=\"ap-StoryElement ap-StoryElement--mb ap-StoryText\">Pr\u00e9sum\u00e9 innocent mais d\u00e9j\u00e0 vis\u00e9 par des dizaines de plaintes \u00e0 l&rsquo;\u00e9poque, <a href=\"https:\/\/www.dhnet.be\/lifestyle\/people\/2026\/09\/03\/affaire-patrick-bruel-une-plainte-pour-violation-du-secret-de-linstruction-va-etre-deposee-ABKZABR3GJFXVEBHAXFQKJ55DM\/\" target=\"_self\" rel=\"nofollow noopener\">Patrick Bruel<\/a> s&rsquo;est rendu \u00e0 l&rsquo;anniversaire de Benjamin Patou quelques jours apr\u00e8s sa mise en examen.<\/p>\n<p class=\"ap-StoryElement ap-StoryElement--mb ap-StoryText\">M\u00eame s&rsquo;il s&rsquo;agissait de son ami proche et qu&rsquo;il a toute m\u00eame re\u00e7u quelques marques de soutiens, il aurait rendu certains invit\u00e9s \u00ab\u00a0mal \u00e0 l&rsquo;aise\u00a0\u00bb d&rsquo;apr\u00e8s l&rsquo;un des chroniqueurs de \u00ab\u00a0Tout beau tout neuf\u00a0\u00bb. \u00ab\u00a0Ma ch\u00e9rie, qui \u00e9tait com\u00e9dienne, h\u00e9sitait \u00e0 y aller et m&rsquo;a dit : &lsquo;Est-ce que Patrick sera l\u00e0 ?&rsquo; Je lui ai dit : &lsquo;Bah non, il ne sera pas l\u00e0, il sort de garde \u00e0 vue, il n&rsquo;a pas du tout envie de sortir&rsquo;. On est arriv\u00e9s et effectivement, il \u00e9tait l\u00e0\u00a0\u00bb, balance ainsi ce jeudi Christophe Carri\u00e8re sur le plateau de Cyril Hanouna (W9). \u00ab\u00a0Il \u00e9tait au fond du salon, pr\u00e8s de la chemin\u00e9e et il n&rsquo;\u00e9tait pas l\u00e0 pour faire la f\u00eate\u2026 Il \u00e9tait vraiment l\u00e0 pour rendre hommage \u00e0 son ami Benjamin, ce qui est tout \u00e0 son honneur, mais honn\u00eatement, \u00e7a ne rigolait pas\u00a0\u00bb.<\/p>\n","protected":false},"excerpt":{"rendered":"Pr\u00e9sum\u00e9 innocent mais d\u00e9j\u00e0 vis\u00e9 par des dizaines de plaintes \u00e0 l&rsquo;\u00e9poque, Patrick Bruel s&rsquo;est rendu \u00e0 l&rsquo;anniversaire&hellip;\n","protected":false},"author":2,"featured_media":239616,"comment_status":"","ping_status":"","sticky":false,"template":"","format":"standard","meta":{"footnotes":"","_share_on_mastodon":"0"},"categories":[83],"tags":[12,13,18,17,46,74402,96,95,934,44873,74403],"class_list":["post-239615","post","type-post","status-publish","format-standard","has-post-thumbnail","category-divertissement","tag-be","tag-be-fr","tag-belgique","tag-belgium","tag-bruxelles","tag-denis-goeman","tag-divertissement","tag-entertainment","tag-justice","tag-parquet","tag-porte-parole"],"share_on_mastodon":{"url":"https:\/\/pubeurope.com\/@be_fr\/117214630636713845","error":""},"_links":{"self":[{"href":"https:\/\/www.europesays.com\/be-fr\/wp-json\/wp\/v2\/posts\/239615","targetHints":{"allow":["GET"]}}],"collection":[{"href":"https:\/\/www.europesays.com\/be-fr\/wp-json\/wp\/v2\/posts"}],"about":[{"href":"https:\/\/www.europesays.com\/be-fr\/wp-json\/wp\/v2\/types\/post"}],"author":[{"embeddable":true,"href":"https:\/\/www.europesays.com\/be-fr\/wp-json\/wp\/v2\/users\/2"}],"replies":[{"embeddable":true,"href":"https:\/\/www.europesays.com\/be-fr\/wp-json\/wp\/v2\/comments?post=239615"}],"version-history":[{"count":0,"href":"https:\/\/www.europesays.com\/be-fr\/wp-json\/wp\/v2\/posts\/239615\/revisions"}],"wp:featuredmedia":[{"embeddable":true,"href":"https:\/\/www.europesays.com\/be-fr\/wp-json\/wp\/v2\/media\/239616"}],"wp:attachment":[{"href":"https:\/\/www.europesays.com\/be-fr\/wp-json\/wp\/v2\/media?parent=239615"}],"wp:term":[{"taxonomy":"category","embeddable":true,"href":"https:\/\/www.europesays.com\/be-fr\/wp-json\/wp\/v2\/categories?post=239615"},{"taxonomy":"post_tag","embeddable":true,"href":"https:\/\/www.europesays.com\/be-fr\/wp-json\/wp\/v2\/tags?post=239615"}],"curies":[{"name":"wp","href":"https:\/\/api.w.org\/{rel}","templated":true}]}}