{"id":239641,"date":"2026-09-04T20:46:14","date_gmt":"2026-09-04T20:46:14","guid":{"rendered":"https:\/\/www.europesays.com\/be-fr\/239641\/"},"modified":"2026-09-04T20:46:14","modified_gmt":"2026-09-04T20:46:14","slug":"voici-de-quoi-est-mort-tim-curry-2","status":"publish","type":"post","link":"https:\/\/www.europesays.com\/be-fr\/239641\/","title":{"rendered":"Voici de quoi est mort Tim Curry"},"content":{"rendered":"<p class=\"ap-StoryElement ap-StoryElement--mb ap-StoryText\">Il \u00e9tait le Dr. Frank-N-Furter dans la s\u00e9rie The Rocky Horror Picture Show, le clown Pennywise dans le film \u00c7a, ainsi que M. Hector dans Maman, j&rsquo;ai rat\u00e9 l&rsquo;avion 2. Tim Curry, acteur phare pour toute une g\u00e9n\u00e9ration, est d\u00e9c\u00e9d\u00e9 \u00e0 l&rsquo;\u00e2ge de 80 ans, comme cela a \u00e9t\u00e9 annonc\u00e9 le 26 ao\u00fbt dernier par les m\u00e9dias am\u00e9ricains.<\/p>\n<p class=\"ap-StoryElement ap-StoryElement--mb ap-StoryText\">En proie \u00e0 des soucis de sant\u00e9 depuis plusieurs ann\u00e9es, Tim Curry avait fait un pas de c\u00f4t\u00e9 dans sa carri\u00e8re et se consacrait au doublage, loin des plateaux de tournage qu&rsquo;il avait longtemps foul\u00e9s. L&rsquo;acteur avait notamment \u00e9t\u00e9 victime d&rsquo;un grave AVC en 2012. D\u00e9c\u00e9d\u00e9 \u00e0 son domicile de Los Angeles, les causes de sa disparition n&rsquo;avaient pas encore \u00e9t\u00e9 r\u00e9v\u00e9l\u00e9es. Le magazine People a pu consulter des rapports m\u00e9dicaux qui donnent plus d&rsquo;indications \u00e0 ce sujet.<\/p>\n","protected":false},"excerpt":{"rendered":"Il \u00e9tait le Dr. Frank-N-Furter dans la s\u00e9rie The Rocky Horror Picture Show, le clown Pennywise dans le&hellip;\n","protected":false},"author":2,"featured_media":239642,"comment_status":"","ping_status":"","sticky":false,"template":"","format":"standard","meta":{"footnotes":"","_share_on_mastodon":"0"},"categories":[83],"tags":[11338,12,13,18,17,10818,756,96,95,984,73571],"class_list":["post-239641","post","type-post","status-publish","format-standard","has-post-thumbnail","category-divertissement","tag-avc","tag-be","tag-be-fr","tag-belgique","tag-belgium","tag-causes","tag-deces","tag-divertissement","tag-entertainment","tag-mort","tag-tim-curry"],"share_on_mastodon":{"url":"https:\/\/pubeurope.com\/@be_fr\/117214733097881270","error":""},"_links":{"self":[{"href":"https:\/\/www.europesays.com\/be-fr\/wp-json\/wp\/v2\/posts\/239641","targetHints":{"allow":["GET"]}}],"collection":[{"href":"https:\/\/www.europesays.com\/be-fr\/wp-json\/wp\/v2\/posts"}],"about":[{"href":"https:\/\/www.europesays.com\/be-fr\/wp-json\/wp\/v2\/types\/post"}],"author":[{"embeddable":true,"href":"https:\/\/www.europesays.com\/be-fr\/wp-json\/wp\/v2\/users\/2"}],"replies":[{"embeddable":true,"href":"https:\/\/www.europesays.com\/be-fr\/wp-json\/wp\/v2\/comments?post=239641"}],"version-history":[{"count":0,"href":"https:\/\/www.europesays.com\/be-fr\/wp-json\/wp\/v2\/posts\/239641\/revisions"}],"wp:featuredmedia":[{"embeddable":true,"href":"https:\/\/www.europesays.com\/be-fr\/wp-json\/wp\/v2\/media\/239642"}],"wp:attachment":[{"href":"https:\/\/www.europesays.com\/be-fr\/wp-json\/wp\/v2\/media?parent=239641"}],"wp:term":[{"taxonomy":"category","embeddable":true,"href":"https:\/\/www.europesays.com\/be-fr\/wp-json\/wp\/v2\/categories?post=239641"},{"taxonomy":"post_tag","embeddable":true,"href":"https:\/\/www.europesays.com\/be-fr\/wp-json\/wp\/v2\/tags?post=239641"}],"curies":[{"name":"wp","href":"https:\/\/api.w.org\/{rel}","templated":true}]}}