{"id":239649,"date":"2026-09-04T20:57:12","date_gmt":"2026-09-04T20:57:12","guid":{"rendered":"https:\/\/www.europesays.com\/be-fr\/239649\/"},"modified":"2026-09-04T20:57:12","modified_gmt":"2026-09-04T20:57:12","slug":"chalon-sur-saone-celine-dion-mylene-farmer-mariah-carey-les-transformistes-font-le-show-a-la-salle-marcel-sembat","status":"publish","type":"post","link":"https:\/\/www.europesays.com\/be-fr\/239649\/","title":{"rendered":"Chalon-sur-Sa\u00f4ne. C\u00e9line Dion, Myl\u00e8ne Farmer, Mariah Carey&#8230; Les transformistes font le show \u00e0 la salle Marcel-Sembat"},"content":{"rendered":"<p>Pas besoin d\u2019attendre ses concerts parisiens pour voir C\u00e9line Dion. La chanteuse \u00e9tait ce vendredi 4\u00a0septembre au soir \u00e0 Chalon-sur-Sa\u00f4ne, \u00e0 la salle Marcel-Sembat, o\u00f9 elle a \u00e9t\u00e9 ovationn\u00e9e par pr\u00e8s de 300 spectateurs. Enfin\u2026 pas tout \u00e0 fait\u00a0!<\/p>\n<p>Elle n\u2019\u00e9tait pas la seule star \u00e0 avoir fait le d\u00e9placement. Myl\u00e8ne Farmer, Ad\u00e8le, Mariah Carey, Madonna, Myl\u00e8ne Farmer, mais aussi Genevi\u00e8ve de Fontenay et \u00c9ric Antoine \u00e9taient \u00e9galement de la partie. Ils \u00e9taient tous l\u00e0, ou presque. Car derri\u00e8re ces c\u00e9l\u00e9brit\u00e9s se cachaient en r\u00e9alit\u00e9 des artistes transformistes, qui leur ont donn\u00e9 vie pendant pr\u00e8s de 2\u00a0h\u00a030 de spectacle.<\/p>\n<p>\u00c0 la man\u0153uvre pour organiser ce grand show\u00a0: Chez Maman, l\u2019ancien restaurant du centre-ville de Chalon-sur-Sa\u00f4ne, qui a d\u00e9sormais laiss\u00e9 place \u00e0 un food-truck.<\/p>\n<p>\u00ab\u00a0C\u2019est incroyable de telles transformations\u00a0!\u00a0\u00bb, s\u2019est exclam\u00e9 un groupe d\u2019amis venu assister aux performances. \u00ab\u00a0Avec simplement du maquillage et des costumes, on peut faire des miracles\u2026 M\u00eame ressusciter des c\u00e9l\u00e9brit\u00e9s disparues\u00a0!\u00a0\u00bb<\/p>\n","protected":false},"excerpt":{"rendered":"Pas besoin d\u2019attendre ses concerts parisiens pour voir C\u00e9line Dion. La chanteuse \u00e9tait ce vendredi 4\u00a0septembre au soir&hellip;\n","protected":false},"author":2,"featured_media":239650,"comment_status":"","ping_status":"","sticky":false,"template":"","format":"standard","meta":{"footnotes":"","_share_on_mastodon":"0"},"categories":[98],"tags":[12,13,18,17,4522,12594,287,96,291,95,288,107,108,289,4195],"class_list":["post-239649","post","type-post","status-publish","format-standard","has-post-thumbnail","category-musique","tag-be","tag-be-fr","tag-belgique","tag-belgium","tag-chalon-sur-saone","tag-chalon-ville","tag-culture-loisirs","tag-divertissement","tag-edition-chalon-sur-saone","tag-entertainment","tag-fil-info","tag-music","tag-musique","tag-saone-et-loire","tag-spectacle"],"share_on_mastodon":{"url":"https:\/\/pubeurope.com\/@be_fr\/117214775960574610","error":""},"_links":{"self":[{"href":"https:\/\/www.europesays.com\/be-fr\/wp-json\/wp\/v2\/posts\/239649","targetHints":{"allow":["GET"]}}],"collection":[{"href":"https:\/\/www.europesays.com\/be-fr\/wp-json\/wp\/v2\/posts"}],"about":[{"href":"https:\/\/www.europesays.com\/be-fr\/wp-json\/wp\/v2\/types\/post"}],"author":[{"embeddable":true,"href":"https:\/\/www.europesays.com\/be-fr\/wp-json\/wp\/v2\/users\/2"}],"replies":[{"embeddable":true,"href":"https:\/\/www.europesays.com\/be-fr\/wp-json\/wp\/v2\/comments?post=239649"}],"version-history":[{"count":0,"href":"https:\/\/www.europesays.com\/be-fr\/wp-json\/wp\/v2\/posts\/239649\/revisions"}],"wp:featuredmedia":[{"embeddable":true,"href":"https:\/\/www.europesays.com\/be-fr\/wp-json\/wp\/v2\/media\/239650"}],"wp:attachment":[{"href":"https:\/\/www.europesays.com\/be-fr\/wp-json\/wp\/v2\/media?parent=239649"}],"wp:term":[{"taxonomy":"category","embeddable":true,"href":"https:\/\/www.europesays.com\/be-fr\/wp-json\/wp\/v2\/categories?post=239649"},{"taxonomy":"post_tag","embeddable":true,"href":"https:\/\/www.europesays.com\/be-fr\/wp-json\/wp\/v2\/tags?post=239649"}],"curies":[{"name":"wp","href":"https:\/\/api.w.org\/{rel}","templated":true}]}}