{"id":239657,"date":"2026-09-04T21:05:12","date_gmt":"2026-09-04T21:05:12","guid":{"rendered":"https:\/\/www.europesays.com\/be-fr\/239657\/"},"modified":"2026-09-04T21:05:12","modified_gmt":"2026-09-04T21:05:12","slug":"terrible-accident-a-fleron-une-voiture-fonce-dans-un-pylone-electrique-le-conducteur-quitte-les-lieux-avant-larrivee-de-la-police","status":"publish","type":"post","link":"https:\/\/www.europesays.com\/be-fr\/239657\/","title":{"rendered":"Terrible accident \u00e0 Fl\u00e9ron\u00a0: une voiture fonce dans un pyl\u00f4ne \u00e9lectrique, le conducteur quitte les lieux avant l&rsquo;arriv\u00e9e de la police"},"content":{"rendered":"<p class=\"ap-StoryElement ap-StoryElement--mb ap-StoryText\">Que s&rsquo;est-il pass\u00e9 dans la nuit de ce jeudi 3 au vendredi 4 septembre 2026 dans la commune de Fl\u00e9ron ? La zone de police de Beyne-Fl\u00e9ron-Soumagne est intervenue au niveau de la rue du Fort pour un violent accident de la circulation.<\/p>\n<p class=\"ap-StoryElement ap-StoryElement--mb ap-StoryText\">Selon les premiers \u00e9l\u00e9ments de l&rsquo;enqu\u00eate, le v\u00e9hicule impliqu\u00e9 a \u00e9t\u00e9 tr\u00e8s fortement accident\u00e9. La voiture \u00e9tait compl\u00e8tement hors d&rsquo;usage apr\u00e8s le choc. Malgr\u00e9 l&rsquo;ampleur des d\u00e9g\u00e2ts, l&rsquo;accident n&rsquo;a toutefois pas entra\u00een\u00e9 d&rsquo;entrave particuli\u00e8re \u00e0 la circulation.<\/p>\n<p class=\"ap-StoryElement ap-StoryElement--mb ap-StoryText\">L&rsquo;accident a \u00e9galement eu des cons\u00e9quences sur le r\u00e9seau \u00e9lectrique. Un pyl\u00f4ne a notamment \u00e9t\u00e9 sectionn\u00e9 en deux, tandis qu&rsquo;un c\u00e2ble \u00e9lectrique s&rsquo;est retrouv\u00e9 \u00e0 m\u00eame le sol, faisant craindre un risque pour les personnes pr\u00e9sentes sur place. Les agents d\u00e9p\u00each\u00e9s sur les lieux ont d\u00e8s lors pris contact avec le gestionnaire du r\u00e9seau \u00e9lectrique RESA, qui a \u00e9t\u00e9 appel\u00e9 afin de s\u00e9curiser la zone et de prendre en charge le probl\u00e8me.<\/p>\n<p class=\"ap-StoryElement ap-StoryElement--mb ap-StoryText\">Les circonstances exactes de l&rsquo;accident restent, pour l&rsquo;heure, inconnues. \u00c0 l&rsquo;arriv\u00e9e des policiers, le conducteur du v\u00e9hicule n&rsquo;\u00e9tait plus pr\u00e9sent sur les lieux. Une enqu\u00eate devra donc permettre de d\u00e9terminer ce qui s&rsquo;est pr\u00e9cis\u00e9ment pass\u00e9 et dans quelles circonstances la voiture a percut\u00e9 le pyl\u00f4ne.<\/p>\n<p><a href=\"https:\/\/www.dhnet.be\/regions\/liege\/2026\/01\/26\/attention-a-larnaque-des-individus-se-font-passer-pour-resa-en-province-de-liege-ils-annoncent-une-reduction-de-200-N2RSEGAFNFAFBHCKU7PZ5UOXWM\/\" target=\"_self\" class=\"ap-StoryInterstitialLink ap-StoryElement ap-StoryElement--mb\" rel=\"nofollow noopener\">Attention \u00e0 l&rsquo;arnaque: des individus se font passer pour RESA en province de Li\u00e8ge, \u00ab\u00a0ils annoncent une r\u00e9duction de 200\u20ac\u00a0\u00bb<\/a><\/p>\n<p>Pour acc\u00e9der \u00e0 cet article, veuillez vous connecter au r\u00e9seau internet.<\/p>\n","protected":false},"excerpt":{"rendered":"Que s&rsquo;est-il pass\u00e9 dans la nuit de ce jeudi 3 au vendredi 4 septembre 2026 dans la commune&hellip;\n","protected":false},"author":2,"featured_media":239658,"comment_status":"","ping_status":"","sticky":false,"template":"","format":"standard","meta":{"footnotes":"","_share_on_mastodon":"0"},"categories":[2],"tags":[4564,12,13,18,17,54,8434,22,63263,69],"class_list":["post-239657","post","type-post","status-publish","format-standard","has-post-thumbnail","category-belgique","tag-accident","tag-be","tag-be-fr","tag-belgique","tag-belgium","tag-electricite","tag-fleron","tag-police","tag-resa","tag-voiture"],"share_on_mastodon":{"url":"https:\/\/pubeurope.com\/@be_fr\/117214807876102313","error":""},"_links":{"self":[{"href":"https:\/\/www.europesays.com\/be-fr\/wp-json\/wp\/v2\/posts\/239657","targetHints":{"allow":["GET"]}}],"collection":[{"href":"https:\/\/www.europesays.com\/be-fr\/wp-json\/wp\/v2\/posts"}],"about":[{"href":"https:\/\/www.europesays.com\/be-fr\/wp-json\/wp\/v2\/types\/post"}],"author":[{"embeddable":true,"href":"https:\/\/www.europesays.com\/be-fr\/wp-json\/wp\/v2\/users\/2"}],"replies":[{"embeddable":true,"href":"https:\/\/www.europesays.com\/be-fr\/wp-json\/wp\/v2\/comments?post=239657"}],"version-history":[{"count":0,"href":"https:\/\/www.europesays.com\/be-fr\/wp-json\/wp\/v2\/posts\/239657\/revisions"}],"wp:featuredmedia":[{"embeddable":true,"href":"https:\/\/www.europesays.com\/be-fr\/wp-json\/wp\/v2\/media\/239658"}],"wp:attachment":[{"href":"https:\/\/www.europesays.com\/be-fr\/wp-json\/wp\/v2\/media?parent=239657"}],"wp:term":[{"taxonomy":"category","embeddable":true,"href":"https:\/\/www.europesays.com\/be-fr\/wp-json\/wp\/v2\/categories?post=239657"},{"taxonomy":"post_tag","embeddable":true,"href":"https:\/\/www.europesays.com\/be-fr\/wp-json\/wp\/v2\/tags?post=239657"}],"curies":[{"name":"wp","href":"https:\/\/api.w.org\/{rel}","templated":true}]}}