{"id":239671,"date":"2026-09-04T21:19:12","date_gmt":"2026-09-04T21:19:12","guid":{"rendered":"https:\/\/www.europesays.com\/be-fr\/239671\/"},"modified":"2026-09-04T21:19:12","modified_gmt":"2026-09-04T21:19:12","slug":"gozee-importante-operation-de-police-une-rue-bloquee-ce-matin-3","status":"publish","type":"post","link":"https:\/\/www.europesays.com\/be-fr\/239671\/","title":{"rendered":"Goz\u00e9e : importante op\u00e9ration de police, une rue bloqu\u00e9e ce matin"},"content":{"rendered":"<p>  <img decoding=\"async\" class=\"r-img lazyloaded\" src=\"https:\/\/www.europesays.com\/be-fr\/wp-content\/uploads\/2026\/09\/1788556751_87_mouchet.jpg\" alt=\"Adrien Mouchet\"\/><\/p>\n<p>Par <a href=\"https:\/\/www.rtl.be\/343111\/dpi-authors\/adrien-mouchet\" rel=\"nofollow noopener\" target=\"_blank\">Adrien Mouchet<\/a><\/p>\n<p>\tMis \u00e0 jour le 04 septembre \u00e0 19h27\n<\/p>\n<p>  <a href=\"https:\/\/www.google.com\/preferences\/source?q=rtl%20info\" class=\"r-link--google-favorites\" role=\"button\">Ajoutez-nous \u00e0 vos favoris Google<\/a><br \/>\n\tDes moyens importants ont \u00e9t\u00e9 mobilis\u00e9s par la police ce matin \u00e0 Goz\u00e9e, pr\u00e8s de Thuin, o\u00f9 une rue est ferm\u00e9e en raison d\u2019une situation qualifi\u00e9e d\u2019urgente par la bourgmestre.<\/p>\n<p>&#13;<br \/>\n&#13;<\/p>\n<p>\u00ab\u00a0Une rue est bloqu\u00e9e, c\u2019est tr\u00e8s s\u00e9rieux\u00a0\u00bb, envoie Michel via le bouton orange Alertez-nous en signalant la pr\u00e9sence de nombreuses forces de police \u00e0 Goz\u00e9e, dans l\u2019entit\u00e9 de Thuin dans le Hainaut. \u00ab\u00a0Je l\u2019ai remarqu\u00e9 en d\u00e9posant ma fille \u00e0 l\u2019\u00e9cole, j\u2019ai l\u2019impression qu\u2019il y avait m\u00eame peut-\u00eatre les forces sp\u00e9ciales.\u00a0\u00bb \u00ab\u00a0H\u00e9licopt\u00e8re qui tourne\u00a0\u00bb, envoie un autre alerteur.<\/p>\n<p>L\u2019individu annonc\u00e9 retranch\u00e9 \u00e0 son domicile \u00e0 la suite dans le cadre d\u2019un Fort Chabrol vendredi matin \u00e0 Goz\u00e9e, aurait quitt\u00e9 l\u2019habitation et est d\u00e9sormais activement recherch\u00e9, a communiqu\u00e9 vers 16h00 le parquet de Charleroi. L\u2019individu ne serait pas arm\u00e9.<\/p>\n<p>&#13;<br \/>\n&#13;<\/p>\n<p>&#13;<br \/>\n&#13;<\/p>\n<p>Plusieurs \u00e9quipes de la police locale, les unit\u00e9s sp\u00e9ciales et un h\u00e9licopt\u00e8re ont \u00e9t\u00e9 d\u00e9ploy\u00e9s \u00e0 Goz\u00e9e, vendredi matin, \u00e0 hauteur de la place des combattants. Avis\u00e9 des faits, le parquet de Charleroi avait confirm\u00e9 en matin\u00e9e qu\u2019un Fort Chabrol \u00e9tait en cours. Un homme \u00e9tait annonc\u00e9 comme \u00e9tant retranch\u00e9 seul, \u00e0 son domicile, avec des armes.<\/p>\n<p>\n  &#13;<br \/>\n  \u00c0 lire aussi&#13;<br \/>\n  &#13;<\/p>\n<p>  <img decoding=\"async\" data-copyright=\"RTL info\" class=\"r-img\"  typeof=\"foaf:Image\" src=\"https:\/\/www.europesays.com\/be-fr\/wp-content\/uploads\/2026\/09\/1788556752_357_100040822.jpeg\" alt=\"Photo exclusive du fusil de type kalachnikov saisi \u00e0 la gare du Midi ce jeudi 3 septembre.\"\/><br \/>\n        <a class=\"r-stories--link\" href=\"https:\/\/www.rtl.be\/actu\/regions\/bruxelles\/un-homme-arme-dune-kalachnikov-interpelle-la-gare-du-midi-bruxelles-larme-etait\/2026-09-03\/article\/799134\" rel=\"nofollow noopener\" target=\"_blank\">Un homme arm\u00e9 d\u2019une kalachnikov interpell\u00e9 \u00e0 la gare du Midi \u00e0 Bruxelles\u00a0: l\u2019arme \u00e9tait cach\u00e9e sous des v\u00eatements de b\u00e9b\u00e9<\/a>&#13;<br \/>\n  &#13;<br \/>\n&#13;\n<\/p>\n<p>Via un communiqu\u00e9 de presse, l\u2019autorit\u00e9 judiciaire est revenue sur les \u00e9v\u00e9nements, vers 16h00. C\u2019est \u00e0 la suite d\u2019un conflit familial que le suspect, n\u00e9 en 1996, se serait empar\u00e9 d\u2019une arme appartenant \u00e0 son p\u00e8re. Ce dernier aurait quitt\u00e9 le domicile afin d\u2019alerter les services de police et peu de temps apr\u00e8s, un riverain aurait aper\u00e7u le suspect \u00e0 l\u2019\u00e9tage de l\u2019habitation, muni d\u2019une arme longue.<\/p>\n<p>Compte tenu de la dangerosit\u00e9 de la situation, les unit\u00e9s sp\u00e9ciales de la police f\u00e9d\u00e9rale se sont rendues sur place. Le parquet de Charleroi est \u00e9galement descendu sur les lieux et a confirm\u00e9, en milieu d\u2019apr\u00e8s-midi, que \u00ab\u00a0l\u2019intervention technique des unit\u00e9s sp\u00e9ciales ayant amen\u00e9 \u00e0 la fouille int\u00e9grale du b\u00e2timent n\u2019a cependant pas permis de retrouver l\u2019individu.\u00a0\u00bb<\/p>\n<p>\u00ab\u00a0Selon les premiers \u00e9l\u00e9ments, il semblerait que l\u2019individu a quitt\u00e9 les lieux entre l\u2019appel aux services de police et l\u2019arriv\u00e9e des \u00e9quipes\u00a0\u00bb, a pr\u00e9cis\u00e9 la justice. Le suspect en fuite n\u2019aurait pas emport\u00e9 d\u2019armes avec lui et est d\u00e9sormais activement recherch\u00e9. \u00ab\u00a0La cellule des personnes disparues a \u00e9t\u00e9 avis\u00e9e\u00a0\u00bb, a conclu le parquet de Charleroi.<\/p>\n<p>\n  <img decoding=\"async\" data-copyright=\"F. Van Hove\" class=\"r-img lazy\" data-  src=\"https:\/\/www.europesays.com\/be-fr\/wp-content\/uploads\/2026\/09\/1788556752_105_100124272.jpeg\" typeof=\"foaf:Image\" alt=\"Une rue bloqu\u00e9e \u00e0 Goz\u00e9e\"\/><img decoding=\"async\" class=\"r-img\" src=\"https:\/\/www.europesays.com\/be-fr\/wp-content\/uploads\/2026\/09\/1788556752_105_100124272.jpeg\" alt=\"Une rue bloqu\u00e9e \u00e0 Goz\u00e9e\"\/>Une rue bloqu\u00e9e \u00e0 Goz\u00e9e &#8211; F. Van Hove\n<\/p>\n<p>&#13;<br \/>\n&#13;<\/p>\n<p>&#13;<br \/>\n&#13;<\/p>\n<p><a class=\"r-btn r-btn--tag\" href=\"https:\/\/www.rtl.be\/340201\/locations\/thuin-hainaut\" title=\"Thuin (Hainaut)\" rel=\"nofollow noopener\" target=\"_blank\">Thuin (Hainaut)<\/a><br \/>\n<a class=\"r-btn r-btn--tag\" href=\"https:\/\/www.rtl.be\/378416\/locations\/hainaut\" title=\"Hainaut\" rel=\"nofollow noopener\" target=\"_blank\">Hainaut<\/a><\/p>\n","protected":false},"excerpt":{"rendered":"Par Adrien Mouchet Mis \u00e0 jour le 04 septembre \u00e0 19h27 Ajoutez-nous \u00e0 vos favoris Google Des moyens&hellip;\n","protected":false},"author":2,"featured_media":239672,"comment_status":"","ping_status":"","sticky":false,"template":"","format":"standard","meta":{"footnotes":"","_share_on_mastodon":"0"},"categories":[8],"tags":[10,12,13,18,17,74078,11394,861,14365,11,22,74077,74076,14519,14468],"class_list":["post-239671","post","type-post","status-publish","format-standard","has-post-thumbnail","category-actualites","tag-actualites","tag-be","tag-be-fr","tag-belgique","tag-belgium","tag-forces-speciales","tag-gozee","tag-hainaut","tag-helicoptere","tag-news","tag-police","tag-rachel-sobry","tag-rue-bloquee","tag-thuin","tag-urgence"],"share_on_mastodon":{"url":"https:\/\/pubeurope.com\/@be_fr\/117214863299531655","error":""},"_links":{"self":[{"href":"https:\/\/www.europesays.com\/be-fr\/wp-json\/wp\/v2\/posts\/239671","targetHints":{"allow":["GET"]}}],"collection":[{"href":"https:\/\/www.europesays.com\/be-fr\/wp-json\/wp\/v2\/posts"}],"about":[{"href":"https:\/\/www.europesays.com\/be-fr\/wp-json\/wp\/v2\/types\/post"}],"author":[{"embeddable":true,"href":"https:\/\/www.europesays.com\/be-fr\/wp-json\/wp\/v2\/users\/2"}],"replies":[{"embeddable":true,"href":"https:\/\/www.europesays.com\/be-fr\/wp-json\/wp\/v2\/comments?post=239671"}],"version-history":[{"count":0,"href":"https:\/\/www.europesays.com\/be-fr\/wp-json\/wp\/v2\/posts\/239671\/revisions"}],"wp:featuredmedia":[{"embeddable":true,"href":"https:\/\/www.europesays.com\/be-fr\/wp-json\/wp\/v2\/media\/239672"}],"wp:attachment":[{"href":"https:\/\/www.europesays.com\/be-fr\/wp-json\/wp\/v2\/media?parent=239671"}],"wp:term":[{"taxonomy":"category","embeddable":true,"href":"https:\/\/www.europesays.com\/be-fr\/wp-json\/wp\/v2\/categories?post=239671"},{"taxonomy":"post_tag","embeddable":true,"href":"https:\/\/www.europesays.com\/be-fr\/wp-json\/wp\/v2\/tags?post=239671"}],"curies":[{"name":"wp","href":"https:\/\/api.w.org\/{rel}","templated":true}]}}