{"id":239679,"date":"2026-09-04T21:36:19","date_gmt":"2026-09-04T21:36:19","guid":{"rendered":"https:\/\/www.europesays.com\/be-fr\/239679\/"},"modified":"2026-09-04T21:36:19","modified_gmt":"2026-09-04T21:36:19","slug":"des-le-1er-octobre-2026-laetitia-lienard-prendra-la-direction-generale-du-chwapi-a-tournai","status":"publish","type":"post","link":"https:\/\/www.europesays.com\/be-fr\/239679\/","title":{"rendered":"D\u00e8s le 1er octobre 2026, Laetitia Li\u00e9nard prendra la direction g\u00e9n\u00e9rale du CHwapi \u00e0 Tournai"},"content":{"rendered":"<p><a href=\"https:\/\/www.lavenir.net\/regions\/wallonie-picarde\/tournai\/2025\/11\/22\/un-an-apres-avoir-claque-la-porte-de-la-politique-laetitia-lienard-tournai-releve-de-nouveaux-defis-dans-le-secteur-hospitalier-VKSSGGJ44NCCHIGILUKEPIVBPY\/\" target=\"_self\" class=\"ap-StoryInterstitialLink ap-StoryElement ap-StoryElement--mb js-paywall-target\" rel=\"nofollow noopener\">Un an apr\u00e8s avoir claqu\u00e9 la porte de la politique, Laetitia Li\u00e9nard (Tournai) rel\u00e8ve de nouveaux d\u00e9fis dans le secteur hospitalier namurois<\/a><\/p>\n<p class=\"ap-StoryElement ap-StoryElement--mb ap-StoryText\">Le recrutement a \u00e9t\u00e9 confi\u00e9 au cabinet sp\u00e9cialis\u00e9 Hudson afin de garantir un processus de s\u00e9lection professionnel et rigoureux. Au total, 76 candidatures ont \u00e9t\u00e9 examin\u00e9es.<\/p>\n<p class=\"ap-StoryElement ap-StoryElement--mb ap-StoryText\">\u00c0 l&rsquo;issue des diff\u00e9rentes \u00e9tapes de s\u00e9lection, Hudson a \u00e9tabli un classement de trois candidats, qui ont ensuite \u00e9t\u00e9 auditionn\u00e9s par un jury, compos\u00e9 des membres du comit\u00e9 de r\u00e9mun\u00e9ration de l&rsquo;h\u00f4pital et de deux membres externes reconnus pour leur expertise du secteur hospitalier, sp\u00e9cifiquement constitu\u00e9 \u00e0 cet effet.<\/p>\n<p><a href=\"https:\/\/www.lavenir.net\/regions\/wallonie-picarde\/tournai\/2026\/03\/23\/greet-keppens-designee-manager-de-la-transition-au-chwapi-7LTSCHAQKVBFRH3KO7FN27YMXE\/\" target=\"_self\" class=\"ap-StoryInterstitialLink ap-StoryElement ap-StoryElement--mb\" rel=\"nofollow noopener\">Greet Keppens d\u00e9sign\u00e9e \u00ab\u00a0manager de la transition\u00a0\u00bb au CHwapi<\/a><\/p>\n<p class=\"ap-StoryElement ap-StoryElement--mb ap-StoryText\">Au terme de ces auditions, le jury a consid\u00e9r\u00e9 que Laetitia Li\u00e9nard pr\u00e9sentait la meilleure ad\u00e9quation avec les comp\u00e9tences, l&rsquo;exp\u00e9rience et les qualit\u00e9s de leadership recherch\u00e9es pour exercer la direction g\u00e9n\u00e9rale du CHwapi.<\/p>\n<p class=\"ap-StoryElement ap-StoryElement--mb ap-StoryText\">Le conseil d&rsquo;administration a valid\u00e9 ce choix lors de sa r\u00e9union de ce 4 septembre.<\/p>\n<p>Une exp\u00e9rience hospitali\u00e8re et une connaissance du CHwapi<\/p>\n<p class=\"ap-StoryElement ap-StoryElement--mb ap-StoryText\">Laetitia Li\u00e9nard, ancienne \u00e9chevine et pr\u00e9sidente du CPAS de Tournai, exerce actuellement les fonctions de secr\u00e9taire g\u00e9n\u00e9rale du Centre Hospitalier R\u00e9gional Sambre et Meuse (CHRSM), o\u00f9 elle est membre du Comit\u00e9 de direction. <a>Elle avait pris cette fonction un an plus ou moins apr\u00e8s avoir claqu\u00e9 la porte de la politique.<\/a><\/p>\n<p class=\"ap-StoryElement ap-StoryElement--mb ap-StoryText\">Elle y assure notamment la coordination des organes de gouvernance et la supervision du service juridique.<\/p>\n<p class=\"ap-StoryElement ap-StoryElement--mb ap-StoryText\">Au cours de son parcours, elle a d\u00e9velopp\u00e9 une exp\u00e9rience dans la conduite de projets complexes et la gestion d&rsquo;\u00e9quipes pluridisciplinaires, ainsi qu&rsquo;une connaissance approfondie du fonctionnement des institutions publiques et hospitali\u00e8res.<\/p>\n<p><a href=\"https:\/\/www.lavenir.net\/regions\/wallonie-picarde\/tournai\/2026\/02\/08\/didier-delval-ecarte-du-chwapi-a-tournai-une-decision-prise-dans-linteret-de-linstitution-A75NP3PKBFC2NPTUWPLHLPBAWQ\/\" target=\"_self\" class=\"ap-StoryInterstitialLink ap-StoryElement ap-StoryElement--mb\" rel=\"nofollow noopener\">Didier Delval \u00e9cart\u00e9 du CHwapi \u00e0 Tournai : \u00ab\u00a0Une d\u00e9cision prise dans l&rsquo;int\u00e9r\u00eat de l&rsquo;institution\u00a0\u00bb<\/a><\/p>\n<p class=\"ap-StoryElement ap-StoryElement--mb ap-StoryText\">Administratrice du CHwapi depuis 2023, Laetitia Li\u00e9nard conna\u00eet par ailleurs d\u00e9j\u00e0 l&rsquo;institution, ses enjeux et son environnement. Cette connaissance de l&rsquo;h\u00f4pital tournaisien, associ\u00e9e \u00e0 l&rsquo;exp\u00e9rience acquise au sein d&rsquo;un autre environnement hospitalier, constituera un atout pour prendre rapidement la mesure de sa nouvelle fonction et accompagner les prochaines \u00e9tapes de son d\u00e9veloppement.<\/p>\n","protected":false},"excerpt":{"rendered":"Un an apr\u00e8s avoir claqu\u00e9 la porte de la politique, Laetitia Li\u00e9nard (Tournai) rel\u00e8ve de nouveaux d\u00e9fis dans&hellip;\n","protected":false},"author":2,"featured_media":239680,"comment_status":"","ping_status":"","sticky":false,"template":"","format":"standard","meta":{"footnotes":"","_share_on_mastodon":"0"},"categories":[2],"tags":[12,13,18,17,2352],"class_list":["post-239679","post","type-post","status-publish","format-standard","has-post-thumbnail","category-belgique","tag-be","tag-be-fr","tag-belgique","tag-belgium","tag-tournai"],"share_on_mastodon":{"url":"https:\/\/pubeurope.com\/@be_fr\/117214929624620735","error":""},"_links":{"self":[{"href":"https:\/\/www.europesays.com\/be-fr\/wp-json\/wp\/v2\/posts\/239679","targetHints":{"allow":["GET"]}}],"collection":[{"href":"https:\/\/www.europesays.com\/be-fr\/wp-json\/wp\/v2\/posts"}],"about":[{"href":"https:\/\/www.europesays.com\/be-fr\/wp-json\/wp\/v2\/types\/post"}],"author":[{"embeddable":true,"href":"https:\/\/www.europesays.com\/be-fr\/wp-json\/wp\/v2\/users\/2"}],"replies":[{"embeddable":true,"href":"https:\/\/www.europesays.com\/be-fr\/wp-json\/wp\/v2\/comments?post=239679"}],"version-history":[{"count":0,"href":"https:\/\/www.europesays.com\/be-fr\/wp-json\/wp\/v2\/posts\/239679\/revisions"}],"wp:featuredmedia":[{"embeddable":true,"href":"https:\/\/www.europesays.com\/be-fr\/wp-json\/wp\/v2\/media\/239680"}],"wp:attachment":[{"href":"https:\/\/www.europesays.com\/be-fr\/wp-json\/wp\/v2\/media?parent=239679"}],"wp:term":[{"taxonomy":"category","embeddable":true,"href":"https:\/\/www.europesays.com\/be-fr\/wp-json\/wp\/v2\/categories?post=239679"},{"taxonomy":"post_tag","embeddable":true,"href":"https:\/\/www.europesays.com\/be-fr\/wp-json\/wp\/v2\/tags?post=239679"}],"curies":[{"name":"wp","href":"https:\/\/api.w.org\/{rel}","templated":true}]}}