{"id":239691,"date":"2026-09-04T21:50:16","date_gmt":"2026-09-04T21:50:16","guid":{"rendered":"https:\/\/www.europesays.com\/be-fr\/239691\/"},"modified":"2026-09-04T21:50:16","modified_gmt":"2026-09-04T21:50:16","slug":"greve-dans-les-ecoles-de-liege-mobilisation-contre-la-reforme-du-secondaire","status":"publish","type":"post","link":"https:\/\/www.europesays.com\/be-fr\/239691\/","title":{"rendered":"Gr\u00e8ve dans les \u00e9coles de Li\u00e8ge : mobilisation contre la r\u00e9forme du secondaire"},"content":{"rendered":"<p>  <img decoding=\"async\" class=\"r-img lazyloaded\" src=\"https:\/\/www.europesays.com\/be-fr\/wp-content\/uploads\/2026\/09\/1788558616_1_vdd.jpg\" alt=\"Louis Vandendriessche\"\/><\/p>\n<p>Par <a href=\"https:\/\/www.rtl.be\/338762\/dpi-authors\/louis-vandendriessche\" rel=\"nofollow noopener\" target=\"_blank\">Louis Vandendriessche<\/a><\/p>\n<p>\tPubli\u00e9 le 04 septembre \u00e0 19h31\n<\/p>\n<p>  <a href=\"https:\/\/www.google.com\/preferences\/source?q=rtl%20info\" class=\"r-link--google-favorites\" role=\"button\">Ajoutez-nous \u00e0 vos favoris Google<\/a><br \/>\n\tLa gr\u00e8ve des enseignants se poursuit \u00e0 Li\u00e8ge\u00a0: piquets, arr\u00eats de travail et actions sont pr\u00e9vus dans les \u00e9coles avant une manifestation majeure le 10 septembre contre les \u00e9conomies dans l\u2019enseignement.<\/p>\n<p>&#13;<br \/>\n&#13;<\/p>\n<p>Ce vendredi, des cours \u00e9taient toujours perturb\u00e9s par un mouvement de gr\u00e8ve en r\u00e9gion li\u00e9geoise\u00a0: 23 \u00e9coles \u00e9taient concern\u00e9es dans la province. Un rassemblement a d\u2019ailleurs eu lieu ce midi, \u00e0 Li\u00e8ge, pour d\u00e9noncer encore et toujours la r\u00e9forme du secondaire sup\u00e9rieur. Dans cette manifestation, 250 professeurs invitent tous leurs coll\u00e8gues de Wallonie \u00e0 les rejoindre.<\/p>\n<p>De quoi relancer le mouvement de gr\u00e8ve\u00a0? \u00c0 quoi faut-il s\u2019attendre d\u00e8s la semaine prochaine\u00a0? \u00ab\u00a0Des piquets de gr\u00e8ve, des arr\u00eats de travail ou encore des assembl\u00e9es g\u00e9n\u00e9rales\u00a0: voil\u00e0 ce qui attend de nombreuses \u00e9coles li\u00e9geoises en d\u00e9but de semaine prochaine\u00a0\u00bb, annonce notre journaliste Samuel Ledoux.<\/p>\n<p>&#13;<br \/>\n&#13;<\/p>\n<p>&#13;<br \/>\n&#13;<\/p>\n<p>\n  &#13;<br \/>\n  \u00c0 lire aussi&#13;<br \/>\n  &#13;<\/p>\n<p>  <img decoding=\"async\" class=\"r-img\"  typeof=\"foaf:Image\" src=\"https:\/\/www.europesays.com\/be-fr\/wp-content\/uploads\/2026\/09\/1788558616_83_100213758.jpeg\" alt=\"calend.jpg\"\/><br \/>\n        <a class=\"r-stories--link\" href=\"https:\/\/www.rtl.be\/actu\/belgique\/societe\/lannee-prochaine-les-vacances-dete-dureront-une-semaine-de-plus-voici-les\/2026-09-04\/article\/799276\" rel=\"nofollow noopener\" target=\"_blank\">L\u2019ann\u00e9e prochaine, les vacances d\u2019\u00e9t\u00e9 dureront une semaine de plus\u00a0: voici les explications de ce changement<\/a>&#13;<br \/>\n  &#13;<br \/>\n&#13;\n<\/p>\n<p>La mobilisation sera encore bien visible et le quotidien des \u00e9l\u00e8ves et des parents parfois perturb\u00e9s de mani\u00e8re sporadique et tournante\u00a0: des actions sont bien pr\u00e9vues dans diff\u00e9rents \u00e9tablissements. La r\u00e9gion li\u00e9geoise est pour l\u2019instant la seule \u00e0 mener des actions depuis la rentr\u00e9e scolaire et il ne faut donc pas s\u2019attendre \u00e0 voir le mouvement s\u2019\u00e9tendre et faire tache d\u2019huile dans les autres provinces.<\/p>\n<p>En tout cas, pas avant le 10 septembre, la date pr\u00e9vue pour la prochaine manifestation au Front commun syndical. \u00ab\u00a0Si elle est organis\u00e9e \u00e0 Li\u00e8ge, ce n\u2019est pas un hasard non plus. C\u2019est l\u00e0 que les collectifs d\u2019enseignants comme Profs en col\u00e8re ou Mars Attacks sont les plus actifs. Jeudi prochain, c\u2019est l\u2019ensemble du monde enseignant francophone qui est appel\u00e9 \u00e0 descendre dans la rue\u00a0\u00bb, pr\u00e9cise notre journaliste.<\/p>\n<p>L\u2019objectif de ces enseignants reste le m\u00eame\u00a0: dire stop aux mesures d\u2019\u00e9conomie et r\u00e9clamer un refinancement de l\u2019enseignement. Des milliers de professeurs et d\u2019enseignants sont attendus dans les rues de Li\u00e8ge ce jour-l\u00e0.<\/p>\n<p>&#13;<br \/>\n&#13;<\/p>\n<p>&#13;<br \/>\n&#13;<\/p>\n<p><a class=\"r-btn r-btn--tag\" href=\"https:\/\/www.rtl.be\/892\/free-tags\/ecole\" title=\"\u00e9cole\" rel=\"nofollow noopener\" target=\"_blank\">\u00e9cole<\/a><br \/>\n<a class=\"r-btn r-btn--tag\" href=\"https:\/\/www.rtl.be\/4777\/free-tags\/greve\" title=\"gr\u00e8ve\" rel=\"nofollow noopener\" target=\"_blank\">gr\u00e8ve<\/a><br \/>\n<a class=\"r-btn r-btn--tag\" href=\"https:\/\/www.rtl.be\/333745\/locations\/liege-prov-de-liege\" title=\"Li\u00e8ge (prov. de Li\u00e8ge)\" rel=\"nofollow noopener\" target=\"_blank\">Li\u00e8ge (prov. de Li\u00e8ge)<\/a><\/p>\n","protected":false},"excerpt":{"rendered":"Par Louis Vandendriessche Publi\u00e9 le 04 septembre \u00e0 19h31 Ajoutez-nous \u00e0 vos favoris Google La gr\u00e8ve des enseignants&hellip;\n","protected":false},"author":2,"featured_media":239692,"comment_status":"","ping_status":"","sticky":false,"template":"","format":"standard","meta":{"footnotes":"","_share_on_mastodon":"0"},"categories":[8],"tags":[10,12,13,18,17,74416,70393,26,74419,72841,72842,11,74418,74417,74420,66487],"class_list":["post-239691","post","type-post","status-publish","format-standard","has-post-thumbnail","category-actualites","tag-actualites","tag-be","tag-be-fr","tag-belgique","tag-belgium","tag-enseignants-wallonie","tag-greve-ecoles","tag-liege","tag-manifestation-10-septembre","tag-mars-attacks","tag-mobilisation-enseignants","tag-news","tag-piquets-de-greve","tag-profs-en-colere","tag-refinancement-enseignement","tag-reforme-secondaire-superieur"],"share_on_mastodon":{"url":"https:\/\/pubeurope.com\/@be_fr\/117214985138723707","error":""},"_links":{"self":[{"href":"https:\/\/www.europesays.com\/be-fr\/wp-json\/wp\/v2\/posts\/239691","targetHints":{"allow":["GET"]}}],"collection":[{"href":"https:\/\/www.europesays.com\/be-fr\/wp-json\/wp\/v2\/posts"}],"about":[{"href":"https:\/\/www.europesays.com\/be-fr\/wp-json\/wp\/v2\/types\/post"}],"author":[{"embeddable":true,"href":"https:\/\/www.europesays.com\/be-fr\/wp-json\/wp\/v2\/users\/2"}],"replies":[{"embeddable":true,"href":"https:\/\/www.europesays.com\/be-fr\/wp-json\/wp\/v2\/comments?post=239691"}],"version-history":[{"count":0,"href":"https:\/\/www.europesays.com\/be-fr\/wp-json\/wp\/v2\/posts\/239691\/revisions"}],"wp:featuredmedia":[{"embeddable":true,"href":"https:\/\/www.europesays.com\/be-fr\/wp-json\/wp\/v2\/media\/239692"}],"wp:attachment":[{"href":"https:\/\/www.europesays.com\/be-fr\/wp-json\/wp\/v2\/media?parent=239691"}],"wp:term":[{"taxonomy":"category","embeddable":true,"href":"https:\/\/www.europesays.com\/be-fr\/wp-json\/wp\/v2\/categories?post=239691"},{"taxonomy":"post_tag","embeddable":true,"href":"https:\/\/www.europesays.com\/be-fr\/wp-json\/wp\/v2\/tags?post=239691"}],"curies":[{"name":"wp","href":"https:\/\/api.w.org\/{rel}","templated":true}]}}