{"id":239723,"date":"2026-09-04T22:34:12","date_gmt":"2026-09-04T22:34:12","guid":{"rendered":"https:\/\/www.europesays.com\/be-fr\/239723\/"},"modified":"2026-09-04T22:34:12","modified_gmt":"2026-09-04T22:34:12","slug":"freddie-mercury-celebre-a-montreux-pour-les-80-ans-de-sa-naissance","status":"publish","type":"post","link":"https:\/\/www.europesays.com\/be-fr\/239723\/","title":{"rendered":"Freddie Mercury c\u00e9l\u00e9br\u00e9 \u00e0 Montreux pour les 80 ans de sa naissance"},"content":{"rendered":"<p>Le 5 septembre marque le 80e anniversaire de la naissance du chanteur et compositeur britannique Freddie Mercury. Refuge de la star de Queen dans les derni\u00e8res ann\u00e9es de sa vie, Montreux est devenue au fil des d\u00e9cennies l&rsquo;un des principaux lieux de sa m\u00e9moire c\u00e9l\u00e9br\u00e9e durant les &lsquo;Freddie Days&rsquo;.<\/p>\n<p>Tout comme David Bowie et Nina Simone, Freddie Mercury a pos\u00e9 ses valises en Suisse romande \u00e0 la fin des ann\u00e9es 1970. En roue libre, le chanteur de Queen s&rsquo;installe au bord du L\u00e9man pour trouver le calme et un nouveau souffle.<\/p>\n<p>En 1978, Queen est d\u00e9j\u00e0 au sommet de sa popularit\u00e9, avec des tourn\u00e9es gigantesques, des millions de fans et de nombreux disques d&rsquo;or. Mais \u00ab\u00a0la pression sur le quatuor est \u00e9norme. Londres les \u00e9touffe, la c\u00e9l\u00e9brit\u00e9 les use, les tablo\u00efds les traquent et le fisc anglais entend bien leur faire les poches\u00a0\u00bb, peut-on ainsi lire dans un r\u00e9cent livre intitul\u00e9 &lsquo;Nina Simone, David Bowie, Freddie Mercury: exils en Suisse&rsquo;, version enrichie du podcast &lsquo;Under Pressure&rsquo; de David Brun-Lambert et Carole Harari.<\/p>\n<p>Contenu externe<\/p>\n<p> Ce contenu externe ne peut pas \u00eatre affich\u00e9 car il est susceptible de collecter des donn\u00e9es personnelles. Pour voir ce contenu vous devez autoriser la cat\u00e9gorie R\u00e9seaux sociaux. <\/p>\n<p> Accepter Plus d&rsquo;info <\/p>\n<p>    Dernier pied-\u00e0-terre \u00e0 Territet<\/p>\n<p>Au Mountain Studios de Montreux, que Freddie Mercury va acheter avec Queen en 1979, le groupe retrouve un \u00e9lan cr\u00e9atif et enregistre d&rsquo;abord entre juillet et octobre 1978 son septi\u00e8me album baptis\u00e9 &lsquo;Jazz&rsquo;. C&rsquo;est l\u00e0 aussi que Bowie mixe &lsquo;Heroes&rsquo; et enregistre leur fameux duo &lsquo;Under Pressure&rsquo;. C&rsquo;est l\u00e0 encore qu&rsquo;il va graver bien plus tard les pistes vocales et musicales de &lsquo;Made in Heaven&rsquo;, album posthume de Queen paru en 1995 quatre ans apr\u00e8s la mort de Mercury.<\/p>\n<p>Si Montreux reste dans un premier temps un point de chute r\u00e9gulier pour le chanteur de Queen entre Londres, Munich et les tourn\u00e9es, c&rsquo;est en 1987 qu&rsquo;il va \u00e9lire vraiment domicile dans la ville de la Riviera vaudoise. Au moment o\u00f9 il apprend sa s\u00e9ropositivit\u00e9, il choisit \u00ab\u00a0cette ville tranquille qu&rsquo;il d\u00e9testait tant\u00a0\u00bb \u00e0 l&rsquo;origine pour partager son temps entre \u00e9criture, s\u00e9ances d&rsquo;enregistrement et la douceur de son appartement avec vue sur le L\u00e9man acquis \u00e0 Territet d\u00e8s 1991. Un pied-\u00e0-terre situ\u00e9 \u00e0 deux pas des bureaux de Claude Nobs, cofondateur du Montreux Jazz Festival et facilitateur dans l&rsquo;installation de Mercury en Suisse romande comme pour Nina Simone et David Bowie.<\/p>\n<p>Si Freddie Mercury finit par s&rsquo;\u00e9teindre \u00e0 Londres le 24 novembre 1991, c&rsquo;est bien \u00e0 Montreux, o\u00f9 sa statue tr\u00f4ne fi\u00e8rement les quais, que sa m\u00e9moire reste la plus vive.<\/p>\n<p>Une information trait\u00e9 dans l&rsquo;\u00e9mission Vertigo sur RTS Premi\u00e8re ce 3 septembre \u00e0 17h.<\/p>\n<p class=\"sources\">Olivier Horner<\/p>\n","protected":false},"excerpt":{"rendered":"Le 5 septembre marque le 80e anniversaire de la naissance du chanteur et compositeur britannique Freddie Mercury. Refuge&hellip;\n","protected":false},"author":2,"featured_media":239724,"comment_status":"","ping_status":"","sticky":false,"template":"","format":"standard","meta":{"footnotes":"","_share_on_mastodon":"0"},"categories":[98],"tags":[1827,638,12,13,18,17,4288,3835,96,95,25365,46045,107,108,2678,6000,1158],"class_list":["post-239723","post","type-post","status-publish","format-standard","has-post-thumbnail","category-musique","tag-anniversaire","tag-arts-et-divertissement","tag-be","tag-be-fr","tag-belgique","tag-belgium","tag-chanteur","tag-compositeur","tag-divertissement","tag-entertainment","tag-freddie-mercury","tag-montreux","tag-music","tag-musique","tag-musiques","tag-queen","tag-suisse"],"share_on_mastodon":{"url":"https:\/\/pubeurope.com\/@be_fr\/117215157492055826","error":""},"_links":{"self":[{"href":"https:\/\/www.europesays.com\/be-fr\/wp-json\/wp\/v2\/posts\/239723","targetHints":{"allow":["GET"]}}],"collection":[{"href":"https:\/\/www.europesays.com\/be-fr\/wp-json\/wp\/v2\/posts"}],"about":[{"href":"https:\/\/www.europesays.com\/be-fr\/wp-json\/wp\/v2\/types\/post"}],"author":[{"embeddable":true,"href":"https:\/\/www.europesays.com\/be-fr\/wp-json\/wp\/v2\/users\/2"}],"replies":[{"embeddable":true,"href":"https:\/\/www.europesays.com\/be-fr\/wp-json\/wp\/v2\/comments?post=239723"}],"version-history":[{"count":0,"href":"https:\/\/www.europesays.com\/be-fr\/wp-json\/wp\/v2\/posts\/239723\/revisions"}],"wp:featuredmedia":[{"embeddable":true,"href":"https:\/\/www.europesays.com\/be-fr\/wp-json\/wp\/v2\/media\/239724"}],"wp:attachment":[{"href":"https:\/\/www.europesays.com\/be-fr\/wp-json\/wp\/v2\/media?parent=239723"}],"wp:term":[{"taxonomy":"category","embeddable":true,"href":"https:\/\/www.europesays.com\/be-fr\/wp-json\/wp\/v2\/categories?post=239723"},{"taxonomy":"post_tag","embeddable":true,"href":"https:\/\/www.europesays.com\/be-fr\/wp-json\/wp\/v2\/tags?post=239723"}],"curies":[{"name":"wp","href":"https:\/\/api.w.org\/{rel}","templated":true}]}}