{"id":239743,"date":"2026-09-04T23:10:18","date_gmt":"2026-09-04T23:10:18","guid":{"rendered":"https:\/\/www.europesays.com\/be-fr\/239743\/"},"modified":"2026-09-04T23:10:18","modified_gmt":"2026-09-04T23:10:18","slug":"elliot-page-deplore-le-manque-de-roles-qui-lui-sont-proposes-depuis-lodyssee","status":"publish","type":"post","link":"https:\/\/www.europesays.com\/be-fr\/239743\/","title":{"rendered":"Elliot Page d\u00e9plore le manque de r\u00f4les qui lui sont propos\u00e9s depuis \u00ab\u00a0L\u2019Odyss\u00e9e\u00a0\u00bb"},"content":{"rendered":"<p>Elliot Page a h\u00e2te de se remettre travail apr\u00e8s avoir figur\u00e9 au casting de <a href=\"https:\/\/www.20minutes.fr\/arts-stars\/cinema\/4242316-20260902-avoir-vu-odyssee-cinema-donne-envie-apprendre-grec\" target=\"_blank\" class=\"c-link c-link--is-underlined\" rel=\"nofollow noopener\">L\u2019Odyss\u00e9e<\/a> de <a href=\"https:\/\/www.20minutes.fr\/arts-stars\/cinema\/4238598-20260810-odyssee-depasse-batman-devient-plus-grand-succes-realisateur-christopher-nolan\" target=\"_blank\" class=\"c-link c-link--is-underlined\" rel=\"nofollow noopener\">Christopher Nolan<\/a> dans le r\u00f4le de Sinon, un cousin et soldat d\u2019Ulysse, incarn\u00e9 par Matt Damon. Probl\u00e8me\u00a0: le com\u00e9dien n\u2019a pas encore trouv\u00e9 de nouveau grand r\u00f4le, comme il l\u2019a confi\u00e9 cette semaine dans le podcast On Film\u2026 With Kevin McCarthy, rep\u00e9r\u00e9 par <a href=\"https:\/\/variety.com\/2026\/film\/news\/elliot-page-casting-calls-after-odyssey-1236849618\/\" rel=\"nofollow noopener\" target=\"_blank\" class=\"c-link c-link--is-underlined\">Variety<\/a>.<\/p>\n<p>\u00ab\u00a0Si quelqu\u2019un veut m\u2019appeler, qu\u2019il n\u2019h\u00e9site pas\u00a0\u00bb, a-t-il d\u00e9clar\u00e9 \u00e0 ce sujet, esp\u00e9rant pouvoir remplir son emploi du temps de r\u00f4les aussi brillants que ceux qu\u2019il a par exemple obtenus au c\u00f4t\u00e9 de Christopher Nolan. Le r\u00e9alisateur et l\u2019acteur de Juno avaient d\u00e9j\u00e0 collabor\u00e9 seize ans plus t\u00f4t pour le film d\u2019action et de science-fiction Inception. Une exp\u00e9rience qu\u2019Elliot Page ch\u00e9rit encore aujourd\u2019hui, m\u00eame s\u2019il n\u2019avait pas encore effectu\u00e9 \u00e0 l\u2019\u00e9poque son <a href=\"https:\/\/www.20minutes.fr\/arts-stars\/people\/2922147-20201202-elliot-page-recoit-soutien-nombreuses-stars-apres-annonce-transition-genre\" target=\"_blank\" class=\"c-link c-link--is-underlined\" rel=\"nofollow noopener\">coming-out transgenre<\/a>, survenu en\u00a02020.<\/p>\n<p>Le \u00ab\u00a0meilleur\u00a0\u00bb reste \u00e0 venir<\/p>\n<p>\u00ab\u00a0Je me suis vraiment beaucoup amus\u00e9 (avec Inception). J\u2019ai vraiment ador\u00e9 travailler avec (le sc\u00e9nariste et r\u00e9alisateur), mais j\u2019\u00e9tais aussi, personnellement, tr\u00e8s mal \u00e0 l\u2019aise\u00a0\u00bb, a-t-il avou\u00e9 en r\u00e9f\u00e9rence au personnage f\u00e9minin qu\u2019il incarnait dans le film. Or, maintenant que \u00ab\u00a0ce poids a disparu\u00a0\u00bb et que l\u2019acteur se sent mieux dans sa peau apr\u00e8s sa transition, il pense pouvoir \u00ab\u00a0r\u00e9aliser certaines de (s) es meilleures performances\u00a0\u00bb.<\/p>\n<p>\u00ab\u00a0Je n\u2019ai plus \u00e0 me soucier (de mon corps), je me dis que je pourrais donner le meilleur de moi-m\u00eame parce que je suis beaucoup plus d\u00e9tendu et j\u2019adore ce que je fais\u00a0\u00bb, a-t-il expliqu\u00e9. Depuis sa transition de genre, Elliot Page a jou\u00e9 dans le film ind\u00e9pendant Aupr\u00e8s de toi, dans un court m\u00e9trage et dans la s\u00e9rie <a href=\"https:\/\/www.20minutes.fr\/arts-stars\/serie\/3314351-20220623-showrunner-umbrella-academy-ravi-evoquer-ecran-transition-elliot-page\" target=\"_blank\" class=\"c-link c-link--is-underlined\" rel=\"nofollow noopener\">The Umbrella Academy<\/a> jusqu\u2019en\u00a02024.<\/p>\n","protected":false},"excerpt":{"rendered":"Elliot Page a h\u00e2te de se remettre travail apr\u00e8s avoir figur\u00e9 au casting de L\u2019Odyss\u00e9e de Christopher Nolan&hellip;\n","protected":false},"author":2,"featured_media":239744,"comment_status":"","ping_status":"","sticky":false,"template":"","format":"standard","meta":{"footnotes":"","_share_on_mastodon":"0"},"categories":[102],"tags":[637,12,13,18,17,129,128,4224,96,95,442,6802,109,25778,139],"class_list":["post-239743","post","type-post","status-publish","format-standard","has-post-thumbnail","category-people","tag-acteur","tag-be","tag-be-fr","tag-belgique","tag-belgium","tag-celebrities","tag-celebrity","tag-christopher-nolan","tag-divertissement","tag-entertainment","tag-film","tag-matt-damon","tag-people","tag-transgenre","tag-video"],"share_on_mastodon":{"url":"https:\/\/pubeurope.com\/@be_fr\/117215299092189554","error":""},"_links":{"self":[{"href":"https:\/\/www.europesays.com\/be-fr\/wp-json\/wp\/v2\/posts\/239743","targetHints":{"allow":["GET"]}}],"collection":[{"href":"https:\/\/www.europesays.com\/be-fr\/wp-json\/wp\/v2\/posts"}],"about":[{"href":"https:\/\/www.europesays.com\/be-fr\/wp-json\/wp\/v2\/types\/post"}],"author":[{"embeddable":true,"href":"https:\/\/www.europesays.com\/be-fr\/wp-json\/wp\/v2\/users\/2"}],"replies":[{"embeddable":true,"href":"https:\/\/www.europesays.com\/be-fr\/wp-json\/wp\/v2\/comments?post=239743"}],"version-history":[{"count":0,"href":"https:\/\/www.europesays.com\/be-fr\/wp-json\/wp\/v2\/posts\/239743\/revisions"}],"wp:featuredmedia":[{"embeddable":true,"href":"https:\/\/www.europesays.com\/be-fr\/wp-json\/wp\/v2\/media\/239744"}],"wp:attachment":[{"href":"https:\/\/www.europesays.com\/be-fr\/wp-json\/wp\/v2\/media?parent=239743"}],"wp:term":[{"taxonomy":"category","embeddable":true,"href":"https:\/\/www.europesays.com\/be-fr\/wp-json\/wp\/v2\/categories?post=239743"},{"taxonomy":"post_tag","embeddable":true,"href":"https:\/\/www.europesays.com\/be-fr\/wp-json\/wp\/v2\/tags?post=239743"}],"curies":[{"name":"wp","href":"https:\/\/api.w.org\/{rel}","templated":true}]}}