{"id":239747,"date":"2026-09-04T23:20:16","date_gmt":"2026-09-04T23:20:16","guid":{"rendered":"https:\/\/www.europesays.com\/be-fr\/239747\/"},"modified":"2026-09-04T23:20:16","modified_gmt":"2026-09-04T23:20:16","slug":"ce-sont-des-attaques-ils-nous-font-la-guerre-le-cri-dalarme-du-ministre-de-linterieur-bernard-quintin","status":"publish","type":"post","link":"https:\/\/www.europesays.com\/be-fr\/239747\/","title":{"rendered":"\u00ab\u00a0Ce sont des attaques. Ils nous font la guerre\u00a0\u00bb: le cri d&rsquo;alarme du ministre de l&rsquo;Int\u00e9rieur Bernard Quintin"},"content":{"rendered":"<p class=\"ap-StoryElement ap-StoryElement--mb ap-StoryText\">Le ministre f\u00e9d\u00e9ral de l&rsquo;Int\u00e9rieur, Bernard Quintin (MR), refuse de qualifier l&rsquo;incident impliquant un drone \u00e0 l&rsquo;a\u00e9roport de Leipzig, survenu au d\u00e9but du mois d&rsquo;ao\u00fbt et attribu\u00e9 \u00e0 la Russie, de \u00ab\u00a0menace hybride\u00a0\u00bb. \u00ab\u00a0Ce qui s&rsquo;est pass\u00e9 \u00e0 Leipzig est une attaque, un point c&rsquo;est tout\u00a0\u00bb, a-t-il d\u00e9clar\u00e9 vendredi dans l&rsquo;\u00e9mission De Afspraak sur la VRT.<\/p>\n<p class=\"ap-StoryElement ap-StoryElement--mb ap-StoryText\">\u00ab\u00a0Nous sommes dans une sorte de guerre\u00a0\u00bb, a poursuivi le lib\u00e9ral. \u00ab\u00a0Nous sommes quotidiennement confront\u00e9s \u00e0 des cyberattaques. Des c\u00e2bles sont coup\u00e9s dans le golfe de Finlande. Ce sont des attaques. Ils nous font la guerre.\u00a0\u00bb<\/p>\n","protected":false},"excerpt":{"rendered":"Le ministre f\u00e9d\u00e9ral de l&rsquo;Int\u00e9rieur, Bernard Quintin (MR), refuse de qualifier l&rsquo;incident impliquant un drone \u00e0 l&rsquo;a\u00e9roport de&hellip;\n","protected":false},"author":2,"featured_media":239748,"comment_status":"","ping_status":"","sticky":false,"template":"","format":"standard","meta":{"footnotes":"","_share_on_mastodon":"0"},"categories":[9],"tags":[629,12,13,18,17,333,2514,2451,31,331,32],"class_list":["post-239747","post","type-post","status-publish","format-standard","has-post-thumbnail","category-international","tag-allemagne","tag-be","tag-be-fr","tag-belgique","tag-belgium","tag-conflit","tag-guerre","tag-gvtfed","tag-international","tag-russie","tag-world-news"],"share_on_mastodon":{"url":"https:\/\/pubeurope.com\/@be_fr\/117215338308883329","error":""},"_links":{"self":[{"href":"https:\/\/www.europesays.com\/be-fr\/wp-json\/wp\/v2\/posts\/239747","targetHints":{"allow":["GET"]}}],"collection":[{"href":"https:\/\/www.europesays.com\/be-fr\/wp-json\/wp\/v2\/posts"}],"about":[{"href":"https:\/\/www.europesays.com\/be-fr\/wp-json\/wp\/v2\/types\/post"}],"author":[{"embeddable":true,"href":"https:\/\/www.europesays.com\/be-fr\/wp-json\/wp\/v2\/users\/2"}],"replies":[{"embeddable":true,"href":"https:\/\/www.europesays.com\/be-fr\/wp-json\/wp\/v2\/comments?post=239747"}],"version-history":[{"count":0,"href":"https:\/\/www.europesays.com\/be-fr\/wp-json\/wp\/v2\/posts\/239747\/revisions"}],"wp:featuredmedia":[{"embeddable":true,"href":"https:\/\/www.europesays.com\/be-fr\/wp-json\/wp\/v2\/media\/239748"}],"wp:attachment":[{"href":"https:\/\/www.europesays.com\/be-fr\/wp-json\/wp\/v2\/media?parent=239747"}],"wp:term":[{"taxonomy":"category","embeddable":true,"href":"https:\/\/www.europesays.com\/be-fr\/wp-json\/wp\/v2\/categories?post=239747"},{"taxonomy":"post_tag","embeddable":true,"href":"https:\/\/www.europesays.com\/be-fr\/wp-json\/wp\/v2\/tags?post=239747"}],"curies":[{"name":"wp","href":"https:\/\/api.w.org\/{rel}","templated":true}]}}