{"id":239749,"date":"2026-09-04T23:22:09","date_gmt":"2026-09-04T23:22:09","guid":{"rendered":"https:\/\/www.europesays.com\/be-fr\/239749\/"},"modified":"2026-09-04T23:22:09","modified_gmt":"2026-09-04T23:22:09","slug":"guerre-au-moyen-orient-donald-trump-dit-que-la-guerre-en-iran-cest-de-la-gnognotte","status":"publish","type":"post","link":"https:\/\/www.europesays.com\/be-fr\/239749\/","title":{"rendered":"Guerre au Moyen-Orient: Donald Trump dit que la guerre en Iran, c&rsquo;est de la \u00ab\u00a0gnognotte\u00a0\u00bb"},"content":{"rendered":"<p><a href=\"https:\/\/www.dhnet.be\/actu\/monde\/2026\/09\/04\/poutine-a-t-il-lintention-dattaquer-lotan-la-reponse-de-donald-trump-XXGH5YGMVZGDPHCQEOR66FOHXI\/\" target=\"_self\" class=\"ap-StoryInterstitialLink ap-StoryElement ap-StoryElement--mb\" rel=\"nofollow noopener\">Poutine a-t-il l&rsquo;intention d&rsquo;attaquer l&rsquo;Otan? La r\u00e9ponse de Donald Trump<\/a><\/p>\n<p class=\"ap-StoryElement ap-StoryElement--mb ap-StoryText\">Lorsqu&rsquo;un journaliste lui a demand\u00e9 si les 18 militaires am\u00e9ricains d\u00e9c\u00e9d\u00e9s \u00e9taient des \u00ab\u00a0petits poissons\u00a0\u00bb, Donald Trump n&rsquo;a dans un premier temps pas r\u00e9pondu.<\/p>\n<p class=\"ap-StoryElement ap-StoryElement--mb ap-StoryText\">Au lieu de cela, il s&rsquo;est ensuite vant\u00e9 en d\u00e9clarant : \u00ab\u00a0Nous sommes d\u00e9sormais largement en t\u00eate dans le domaine spatial.\u00a0\u00bb<\/p>\n<p class=\"ap-StoryElement ap-StoryElement--mb ap-StoryText\">Plus tard, le pr\u00e9sident am\u00e9ricain est l\u00e9g\u00e8rement revenu sur ses propos en d\u00e9clarant: \u00ab\u00a0Nous avons perdu 18 \u00e2mes, 18 \u00e2mes formidables? et une seule, c&rsquo;est d\u00e9j\u00e0 trop.\u00a0\u00bb Il a \u00e9galement ajout\u00e9: \u00ab\u00a0Au Vietnam, nous avons perdu des dizaines de milliers de personnes et en Afghanistan aussi.\u00a0\u00bb<\/p>\n<p><a href=\"https:\/\/www.dhnet.be\/actu\/monde\/2026\/09\/04\/proche-de-trump-une-presentatrice-vedette-de-fox-news-licenciee-par-la-chaine-TQ2UJZGBTRBBLGAAJWJFKC2VQE\/\" target=\"_self\" class=\"ap-StoryInterstitialLink ap-StoryElement ap-StoryElement--mb\" rel=\"nofollow noopener\">Proche de Trump, une pr\u00e9sentatrice vedette de Fox News licenci\u00e9e par la cha\u00eene<\/a><\/p>\n<p class=\"ap-StoryElement ap-StoryElement--mb ap-StoryText\">Le gouvernement am\u00e9ricain tente depuis un certain temps de minimiser la guerre avec l&rsquo;Iran. Les \u00e9lections l\u00e9gislatives de mi-mandat devraient avoir lieu dans environ deux mois.<\/p>\n<p class=\"ap-StoryElement ap-StoryElement--mb ap-StoryText\">En raison de la crise \u00e9nerg\u00e9tique provoqu\u00e9e par le d\u00e9troit d&rsquo;Ormuz &#8211; qui \u00e9tait encore ouvert au commerce mondial du p\u00e9trole avant le conflit mais reste effectivement bloqu\u00e9 depuis lors -, de nombreux Am\u00e9ricains sont aux prises avec des prix \u00e9lev\u00e9s. Cela alimente le manque d&rsquo;enthousiasme \u00e0 l&rsquo;\u00e9gard de la politique de Donald Trump et des R\u00e9publicains.<\/p>\n<p class=\"ap-StoryElement ap-StoryElement--mb ap-StoryText\">Pas plus tard que jeudi, le vice-pr\u00e9sident JD Vance avait d\u00e9j\u00e0 minimis\u00e9 le conflit avec l&rsquo;Iran lors du premier point de presse officiel de la Maison Blanche depuis des semaines.<\/p>\n<p class=\"ap-StoryElement ap-StoryElement--mb ap-StoryText\">\u00ab\u00a0Je n&rsquo;appellerais pas cela une guerre\u00a0\u00bb, avait-t-il d\u00e9clar\u00e9 aux journalistes, affirmant qu&rsquo;il n&rsquo;y avait actuellement aucune hostilit\u00e9 en cours. Dans les mois qui ont pr\u00e9c\u00e9d\u00e9, et plus r\u00e9cemment, au d\u00e9but de la semaine, l&rsquo;arm\u00e9e am\u00e9ricaine a pourtant cibl\u00e9 \u00e0 plusieurs reprises des sites iraniens.<\/p>\n<p>LES DERNIERES INFOS SUR LE CONFLIT EN IRAN: NOTRE LIVE        <\/p>\n<p>Washington place sous sanctions une banque turque accus\u00e9e de travailler avec T\u00e9h\u00e9ran<\/p>\n<p>Le ministre am\u00e9ricain des Finances Scott Bessent avait pr\u00e9venu en d\u00e9but de semaine qu&rsquo;il comptait sanctionner une nouvelle institution financi\u00e8re pour resserrer l&rsquo;\u00e9tau sur T\u00e9h\u00e9ran.<\/p>\n<p>Le ministre am\u00e9ricain des Finances Scott Bessent avait pr\u00e9venu en d\u00e9but de semaine qu&rsquo;il comptait sanctionner une nouvelle institution financi\u00e8re pour resserrer l&rsquo;\u00e9tau sur T\u00e9h\u00e9ran.<\/p>\n<p>Deux morts dans une frappe isra\u00e9lienne dans le sud du Liban<\/p>\n<p>Une frappe isra\u00e9lienne a fait deux morts vendredi dans le sud du Liban selon un m\u00e9dia d&rsquo;Etat, pr\u00e8s de la cr\u00eate d&rsquo;Ali Taher dont Isra\u00ebl a dit avoir pris le contr\u00f4le, malgr\u00e9 une tr\u00eave avec le Hezbollah pro-iranien.<\/p>\n<p>Le diesel \u00e0 un prix record aux Etats-Unis, \u00e0 5,85 dollars le gallon<\/p>\n<p>Les prix de l&rsquo;\u00e9nergie ont bondi depuis le d\u00e9clenchement par les Etats-Unis d&rsquo;une guerre contre l&rsquo;Iran, T\u00e9h\u00e9ran ayant notamment ripost\u00e9 en bloquant le d\u00e9troit d&rsquo;Ormuz, axe maritime majeur pour le transport d&rsquo;hydrocarbures.<\/p>\n<p>Le CICR dit avoir transf\u00e9r\u00e9 au Liban quatre personnes lib\u00e9r\u00e9es par Isra\u00ebl<\/p>\n<p>Le Comit\u00e9 International de la Croix-Rouge (CICR) a annonc\u00e9 vendredi avoir transf\u00e9r\u00e9 au Liban quatre nouvelles personnes rel\u00e2ch\u00e9es par Isra\u00ebl, au lendemain de la lib\u00e9ration d&rsquo;un premier civil.<\/p>\n<p>\u00ab\u00a0\u00c0 la demande des parties concern\u00e9es, le CICR a facilit\u00e9 le transfert vers le Liban de cinq personnes lib\u00e9r\u00e9es\u00a0\u00bb par Isra\u00ebl, a indiqu\u00e9 l&rsquo;organisation internationale dans un communiqu\u00e9, pr\u00e9cisant qu'\u00a0\u00bbune personne a \u00e9t\u00e9 transf\u00e9r\u00e9e jeudi et quatre autres vendredi\u00a0\u00bb.<\/p>\n<p>Isra\u00ebl dit avoir consolid\u00e9 sa \u00ab\u00a0zone de s\u00e9curit\u00e9\u00a0\u00bb au Liban avec la prise d&rsquo;une position cl\u00e9<\/p>\n<p>Isra\u00ebl a affirm\u00e9 vendredi que la \u00ab\u00a0zone de s\u00e9curit\u00e9\u00a0\u00bb occup\u00e9e par son arm\u00e9e dans le sud du Liban \u00e9tait d\u00e9sormais consolid\u00e9e avec la prise d&rsquo;une cr\u00eate montagneuse qui servait de position strat\u00e9gique au Hezbollah.<\/p>\n<p>\u00ab\u00a0La prise de la cr\u00eate d&rsquo;Ali Taher marque l&rsquo;ach\u00e8vement du contr\u00f4le (par Isra\u00ebl, ndlr) de la zone de s\u00e9curit\u00e9 dans le sud du Liban\u00a0\u00bb, a d\u00e9clar\u00e9 le ministre de la D\u00e9fense Isra\u00ebl Katz dans une vid\u00e9o.<\/p>\n<p>La Cor\u00e9e du Sud envisage d&rsquo;apporter sa \u00ab\u00a0contribution\u00a0\u00bb pour s\u00e9curiser le d\u00e9troit d&rsquo;Ormuz<\/p>\n<p>La Cor\u00e9e du Sud envisage d&rsquo;apporter sa \u00ab\u00a0contribution\u00a0\u00bb pour s\u00e9curiser la navigation dans le d\u00e9troit strat\u00e9gique d&rsquo;Ormuz, verrouill\u00e9 depuis le d\u00e9but de la guerre entre les Etats-Unis et l&rsquo;Iran, a indiqu\u00e9 vendredi la pr\u00e9sidence du pays.<\/p>\n<p>\u00ab\u00a0Des contributions pour le d\u00e9troit d&rsquo;Ormuz pourraient \u00eatre g\u00e9r\u00e9es dans des limites qui ne compromettent pas l&rsquo;\u00e9tat de pr\u00e9paration militaire\u00a0\u00bb de la Cor\u00e9e du Sud face aux menaces dont elle fait elle-m\u00eame l&rsquo;objet, a d\u00e9clar\u00e9 la pr\u00e9sidence cit\u00e9e par l&rsquo;agence de presse Yonhap.<\/p>\n<p>            Load more        <\/p>\n","protected":false},"excerpt":{"rendered":"Poutine a-t-il l&rsquo;intention d&rsquo;attaquer l&rsquo;Otan? La r\u00e9ponse de Donald Trump Lorsqu&rsquo;un journaliste lui a demand\u00e9 si les 18&hellip;\n","protected":false},"author":2,"featured_media":239750,"comment_status":"","ping_status":"","sticky":false,"template":"","format":"standard","meta":{"footnotes":"","_share_on_mastodon":"0"},"categories":[8],"tags":[10,12,13,18,17,1240,377,2514,2208,11],"class_list":["post-239749","post","type-post","status-publish","format-standard","has-post-thumbnail","category-actualites","tag-actualites","tag-be","tag-be-fr","tag-belgique","tag-belgium","tag-diplomatie","tag-etats-unis","tag-guerre","tag-iran","tag-news"],"share_on_mastodon":{"url":"https:\/\/pubeurope.com\/@be_fr\/117215346461305760","error":""},"_links":{"self":[{"href":"https:\/\/www.europesays.com\/be-fr\/wp-json\/wp\/v2\/posts\/239749","targetHints":{"allow":["GET"]}}],"collection":[{"href":"https:\/\/www.europesays.com\/be-fr\/wp-json\/wp\/v2\/posts"}],"about":[{"href":"https:\/\/www.europesays.com\/be-fr\/wp-json\/wp\/v2\/types\/post"}],"author":[{"embeddable":true,"href":"https:\/\/www.europesays.com\/be-fr\/wp-json\/wp\/v2\/users\/2"}],"replies":[{"embeddable":true,"href":"https:\/\/www.europesays.com\/be-fr\/wp-json\/wp\/v2\/comments?post=239749"}],"version-history":[{"count":0,"href":"https:\/\/www.europesays.com\/be-fr\/wp-json\/wp\/v2\/posts\/239749\/revisions"}],"wp:featuredmedia":[{"embeddable":true,"href":"https:\/\/www.europesays.com\/be-fr\/wp-json\/wp\/v2\/media\/239750"}],"wp:attachment":[{"href":"https:\/\/www.europesays.com\/be-fr\/wp-json\/wp\/v2\/media?parent=239749"}],"wp:term":[{"taxonomy":"category","embeddable":true,"href":"https:\/\/www.europesays.com\/be-fr\/wp-json\/wp\/v2\/categories?post=239749"},{"taxonomy":"post_tag","embeddable":true,"href":"https:\/\/www.europesays.com\/be-fr\/wp-json\/wp\/v2\/tags?post=239749"}],"curies":[{"name":"wp","href":"https:\/\/api.w.org\/{rel}","templated":true}]}}