{"id":239769,"date":"2026-09-05T00:14:11","date_gmt":"2026-09-05T00:14:11","guid":{"rendered":"https:\/\/www.europesays.com\/be-fr\/239769\/"},"modified":"2026-09-05T00:14:11","modified_gmt":"2026-09-05T00:14:11","slug":"karalis-chipe-la-vedette-a-duplantis-un-record-de-belgique-revivez-la-premiere-soiree-de-la-cinquantieme-edition-du-memorial-van-damme-2","status":"publish","type":"post","link":"https:\/\/www.europesays.com\/be-fr\/239769\/","title":{"rendered":"Karalis chipe la vedette \u00e0 Duplantis, un record de Belgique\u00a0: revivez la premi\u00e8re soir\u00e9e de la cinquanti\u00e8me \u00e9dition du M\u00e9morial Van Damme"},"content":{"rendered":"\n<p>Le gratin de l\u2019athl\u00e9tisme mondial se r\u00e9unit ce vendredi \u00e0 Bruxelles pour la cinquanti\u00e8me \u00e9dition du M\u00e9morial Van Damme. Cette cinquanti\u00e8me \u00e9dition fait office de finale de la Diamond League. L\u2019\u00e9dition se d\u00e9roulera vendredi soir et samedi soir. Armand Duplantis, Julian Alfred, Oblique S\u00e9ville\u2026 sont attendus sur la piste du stade Roi Baudouin vendredi soir.<\/p>\n<p>Les r\u00e9sultats des \u00e9preuves<\/p>\n<p>22h25\u00a0: Daniel Segers s\u2019est class\u00e9 7e du 400 m, vendredi lors de la premi\u00e8re des deux journ\u00e9es du M\u00e9morial Van Damme, la finale de la Ligue de Diamant d\u2019athl\u00e9tisme. Le Belgian Tornado a effleur\u00e9 son meilleur chrono de la saison d\u2019un centi\u00e8me, en bouclant le tour de piste en 44.82, mais il n\u2019a rien pu faire face \u00e0 une concurrence relev\u00e9e. Le Botswanais Busang Collen Kebinatshipi a impos\u00e9 sa loi au stade Roi Baudouin avec un record national, record du meeting et de la Ligue de Diamant en 43.40.<\/p>\n<p>&#13;<br \/>\n&#13;<\/p>\n<p>22h10\u00a0: Le Slov\u00e8ne Kristjan Ceh a remport\u00e9 la finale de l\u2019\u00e9preuve de lancer du disque de la Ligue de Diamant d\u2019athl\u00e9tisme, vendredi au M\u00e9morial Van Damme. Son lancer \u00e0 71m29, un nouveau record du meeting, lui a permis de devancer le Lituanien Mykolas Alekna (70m14) et le Jama\u00efcain Roje Stona (68m86).<\/p>\n<p>&#13;<br \/>\n&#13;<\/p>\n<p>&#13;<br \/>\n&#13;<\/p>\n<p>&#13;<br \/>\n&#13;<\/p>\n<p>22h09\u00a0: Julien Alfred a tenu son r\u00f4le de favorite sur le 200 m\u00e8tres du M\u00e9morial Van Damme, vendredi. La Sainte-Lucienne s\u2019est impos\u00e9e en 21.79 lors de la finale de la Ligue de Diamant.<\/p>\n<p>22h06\u00a0: Le concours de saut en hauteur du M\u00e9morial Van Damme s\u2019est achev\u00e9 \u00e0 2m28 vendredi, lors de la premi\u00e8re des deux journ\u00e9es de la finale de la Ligue de Diamant d\u2019athl\u00e9tisme. La victoire est revenue au Polonais Mateusz Kolodziejski, qui a eu besoin de moins d\u2019essais que l\u2019Am\u00e9ricain JuVaughn Harrison pour venir \u00e0 bout de la barre victorieuse. L\u2019Ukrainien Oleh Doroshchuk a pris la 3e place avec un saut \u00e0 2m25.<\/p>\n<p>21h58\u00a0: Emmanouil Karalis a chip\u00e9 la vedette \u00e0 Armand Duplantis, une fois n\u2019est pas coutume, \u00e0 l\u2019occasion de la finale de la Ligue de Diamant \u00e0 la perche tenue vendredi dans le cadre du M\u00e9morial Van Damme. Le duel plus qu\u2019attendu entre les deux rivaux n\u2019a pas eu lieu, apr\u00e8s le forfait de Duplantis, mais Karalis a brill\u00e9 en s\u2019adjugeant un record du meeting \u00e0 6m12, et en d\u00e9tr\u00f4nant par la m\u00eame occasion le Su\u00e9dois.<\/p>\n<p>21h48\u00a0: Jakob Ingebrigtsen a \u00e9t\u00e9 terrass\u00e9 sur 1.500 vendredi, au M\u00e9morial Van Damme. Le Norv\u00e9gien, superstar de l\u2019athl\u00e9tisme mondial, n\u2019a pas pu faire mieux qu\u2019une 4e place apr\u00e8s avoir \u00e9t\u00e9 totalement d\u00e9pass\u00e9 dans la derni\u00e8re ligne droite du stade Roi Baudouin. L\u2019Australien Cameron Myers a remport\u00e9 la victoire en 3\u00a0: 30.14, devant le K\u00e9nyan Phanuel Kipkosgei Koech (3\u00a0: 30.18). L\u2019Am\u00e9ricain Ethan Strand (3\u00a0: 30.50) a compl\u00e9t\u00e9 le podium de cette finale de la Ligue de Diamant.<\/p>\n<p>&#13;<br \/>\n&#13;<\/p>\n<p>21h36\u00a0: L\u2019\u00c9thiopie a plac\u00e9 trois athl\u00e8tes aux trois premi\u00e8res places du classement vendredi sur le 5.000 m tenu dans le cadre du M\u00e9morial Van Damme, la finale de la Ligue de Diamant d\u2019athl\u00e9tisme. Jana Van lent, en difficult\u00e9 pendant la deuxi\u00e8me partie de la course, a quant \u00e0 elle jet\u00e9 l\u2019\u00e9ponge avant l\u2019arriv\u00e9e. Freweyni Hailu l\u2019a emport\u00e9 en 14\u00a0: 35.20, suivie de Likina Amebaw (14\u00a0: 36.31) et Senayet Getachew (14\u00a0: 37.39).<\/p>\n<p>21h16\u00a0: Le recordman du monde Ja\u2019Kobe Tharp a impos\u00e9 sa supr\u00e9matie sur le 110 m haies du M\u00e9morial Van Damme vendredi, lors de la premi\u00e8re des deux journ\u00e9es de la finale de la Ligue de Diamant d\u2019athl\u00e9tisme. Pour sa premi\u00e8re apparition \u00e0 Bruxelles, l\u2019Am\u00e9ricain de 20 ans a remport\u00e9 la course en 13.03 devant deux de ses compatriotes, Jamal Britt (13.09) et Trey Cunningham (13.22). Elie Bacari a pris la 5e place en 13.42, derri\u00e8re le Cubain Kenny L. Menendez (13.32).<\/p>\n<p>20h58\u00a0: Emmanuel Wanyonyi a ravi le public du stade Roi Baudouin vendredi, en \u00e9tablissant un record du M\u00e9morial Van Damme sur 800 m dans le cadre de la finale de la Ligue de Diamant d\u2019athl\u00e9tisme. Le K\u00e9nyan a domin\u00e9 le double tour de piste en 1\u00a0: 41.80, effa\u00e7ant des tablettes la marque du Danois Wilson Kipketer (1\u00a0: 42.20) qui datait de 1997.<\/p>\n<p>20h45\u00a0: Faith Cherotich a sign\u00e9 un nouveau record du meeting au M\u00e9morial Van Damme, en remportant vendredi le 3000 m steeple f\u00e9minin en 8\u00a0: 51.61. La N.1 mondiale a fait honneur \u00e0 son statut et a d\u00e9croch\u00e9 une victoire \u00e9clatante sur la piste du stade Roi Baudouin, devant sa compatriote k\u00e9nyane Doris Lemngole (8\u00a0: 52.86) et la Bahre\u00efnie Winfred Yavi (8\u00a0: 53.54).<\/p>\n<p>&#13;<br \/>\n&#13;<\/p>\n<p>20h27\u00a0: Le champion du monde jama\u00efcain Oblique Seville a remport\u00e9 la finale de la Ligue de Diamant sur 100 m, vendredi au M\u00e9morial Van Damme. Apr\u00e8s un faux d\u00e9part de l\u2019Am\u00e9ricain Travyon Bromell, Seville n\u2019a pas d\u00fb forcer son talent et un chrono de 9.90 lui a suffi pour enlever la victoire devant le Camerounais Emmanuel Eseme (9.93) et le Nig\u00e9rian Kayinsola Ajayi (9.97). L\u2019Australien Lachlan Kennedy, 4e, \u00e9tait le dernier athl\u00e8te \u00e0 passer sous les 10 secondes (9.99).<\/p>\n<p>20h10\u00a0: Paulien Couckuyt a \u00e9tabli un nouveau record de Belgique sur 400 m haies vendredi, \u00e0 l\u2019occasion de la premi\u00e8re des deux journ\u00e9es du M\u00e9morial Van Damme. La hurdleuse anversoise de 29 ans a r\u00e9ussi \u00e0 prendre la 3e place de cette finale de la Ligue de Diamant en courant 53.20, derri\u00e8re la laur\u00e9ate am\u00e9ricaine Anna Cockrell (53.01) et la championne d\u2019Europe slovaque Emma Zapletlova (53.10).<\/p>\n<p>20h09\u00a0: La Chinoise Feng Bi a remport\u00e9 le concours du lancer du disque f\u00e9minin au M\u00e9morial Van Damme avec un jet \u00e0 67,46 m, son meilleur lancer de la saison, d\u00e9crochant ainsi la victoire finale en Ligue de Diamant. Elle a devanc\u00e9 l\u2019Am\u00e9ricaine Valarie Sion, pourtant grande favorite et d\u00e9tentrice de la meilleure performance mondiale de l\u2019ann\u00e9e avec 73,10 m, qui a termin\u00e9 deuxi\u00e8me avec 66,92 m. Sa compatriote Cierra Jackson a, elle, termin\u00e9 derni\u00e8re avec 61,93 m, tandis que la N\u00e9erlandaise Jorinde van Klinken a pris la troisi\u00e8me place avec 64,66 m.<\/p>\n<p>20h04\u00a0: Le Jama\u00efcain Tajay Gayle a remport\u00e9 le concours du saut en longueur au M\u00e9morial Van Damme avec un saut \u00e0 8,46 m r\u00e9alis\u00e9 lors de sa derni\u00e8re tentative, devan\u00e7ant in extremis le Grec Miltiadis Tentoglou, deuxi\u00e8me avec 8,40 m, et le Suisse Simon Ehammer, troisi\u00e8me avec 8,23 m. Pour sa premi\u00e8re participation \u00e0 une finale de Ligue de Diamant \u00e0 21 ans, le Belge Yanni Sampson a pris la sixi\u00e8me place avec 7,82 m, loin de son record personnel de 8,02 m. Le record du meeting reste d\u00e9tenu par la l\u00e9gende am\u00e9ricaine Carl Lewis, avec un saut \u00e0 8,65 m r\u00e9alis\u00e9 en 1984.<\/p>\n<p>&#13;<br \/>\n&#13;<\/p>\n<p>20h01\u00a0: Coup dur avant le d\u00e9but du concours de perche\u00a0: Mondo Duplantis, le recordman du monde, doit d\u00e9clarer forfait apr\u00e8s avoir ressenti une g\u00eane lors de l\u2019\u00e9chauffement.<\/p>\n<p>19h37\u00a0: Dans le 400 m \u00ab\u00a0sur invitation\u00a0\u00bb, Jonathan Sacoor termine 4e an battant son record personnel en 44.85. Son ancien record \u00e9tait de 44.98. Une belle mani\u00e8re de lancer la soir\u00e9e au 50e Memorial Van Damme\u00a0!<\/p>\n<p>19h28\u00a0: Ilias Benkaddour a termin\u00e9 septi\u00e8me et dernier du 100 m\u00e8tres T63 au Memorial Van Damme, avec un chrono de 15 secondes 79. Le Bruxellois de 33 ans, amput\u00e9 de la jambe droite apr\u00e8s un accident de la route en 2018, a vu la victoire revenir au Sud-Africain Michael Mabote en 12.12. Samedi, L\u00e9a Bayekula et Lore Hens participeront au 400 m\u00e8tres T54 f\u00e9minin au stade Roi Baudouin.<\/p>\n<p>19h21\u00a0: Chase Jackson a remport\u00e9 le lancer du poids f\u00e9minin au Memorial Van Damme avec un jet \u00e0 21,14 m, synonyme de record des \u00c9tats-Unis et de meilleure performance mondiale de l\u2019ann\u00e9e. L\u2019Am\u00e9ricaine de 32 ans a devanc\u00e9 la Canadienne Sarah Mitton (20,64 m) et la N\u00e9erlandaise Jessica Schilder (20,57 m), s\u2019adjugeant \u00e9galement la victoire finale en Diamond League pour la troisi\u00e8me fois de sa carri\u00e8re, apr\u00e8s ses succ\u00e8s en 2022 et 2023.<\/p>\n<p>&#13;<br \/>\n&#13;<\/p>\n","protected":false},"excerpt":{"rendered":"Le gratin de l\u2019athl\u00e9tisme mondial se r\u00e9unit ce vendredi \u00e0 Bruxelles pour la cinquanti\u00e8me \u00e9dition du M\u00e9morial Van&hellip;\n","protected":false},"author":2,"featured_media":239770,"comment_status":"","ping_status":"","sticky":false,"template":"","format":"standard","meta":{"footnotes":"","_share_on_mastodon":"0"},"categories":[8],"tags":[10,12,13,18,17,74423,74425,74427,74424,8316,74422,74426,11,12417,6360,18114,19055,61421],"class_list":["post-239769","post","type-post","status-publish","format-standard","has-post-thumbnail","category-actualites","tag-actualites","tag-be","tag-be-fr","tag-belgique","tag-belgium","tag-chipe","tag-cinquantieme","tag-damme","tag-duplantis","tag-edition","tag-karalis","tag-memorial","tag-news","tag-premiere","tag-record","tag-revivez","tag-soiree","tag-vedette"],"share_on_mastodon":{"url":"https:\/\/pubeurope.com\/@be_fr\/117215551003736133","error":""},"_links":{"self":[{"href":"https:\/\/www.europesays.com\/be-fr\/wp-json\/wp\/v2\/posts\/239769","targetHints":{"allow":["GET"]}}],"collection":[{"href":"https:\/\/www.europesays.com\/be-fr\/wp-json\/wp\/v2\/posts"}],"about":[{"href":"https:\/\/www.europesays.com\/be-fr\/wp-json\/wp\/v2\/types\/post"}],"author":[{"embeddable":true,"href":"https:\/\/www.europesays.com\/be-fr\/wp-json\/wp\/v2\/users\/2"}],"replies":[{"embeddable":true,"href":"https:\/\/www.europesays.com\/be-fr\/wp-json\/wp\/v2\/comments?post=239769"}],"version-history":[{"count":0,"href":"https:\/\/www.europesays.com\/be-fr\/wp-json\/wp\/v2\/posts\/239769\/revisions"}],"wp:featuredmedia":[{"embeddable":true,"href":"https:\/\/www.europesays.com\/be-fr\/wp-json\/wp\/v2\/media\/239770"}],"wp:attachment":[{"href":"https:\/\/www.europesays.com\/be-fr\/wp-json\/wp\/v2\/media?parent=239769"}],"wp:term":[{"taxonomy":"category","embeddable":true,"href":"https:\/\/www.europesays.com\/be-fr\/wp-json\/wp\/v2\/categories?post=239769"},{"taxonomy":"post_tag","embeddable":true,"href":"https:\/\/www.europesays.com\/be-fr\/wp-json\/wp\/v2\/tags?post=239769"}],"curies":[{"name":"wp","href":"https:\/\/api.w.org\/{rel}","templated":true}]}}