{"id":239775,"date":"2026-09-05T00:52:20","date_gmt":"2026-09-05T00:52:20","guid":{"rendered":"https:\/\/www.europesays.com\/be-fr\/239775\/"},"modified":"2026-09-05T00:52:20","modified_gmt":"2026-09-05T00:52:20","slug":"hisense-p1-le-triple-laser-devient-vraiment-nomade-avec-une-batterie-integree","status":"publish","type":"post","link":"https:\/\/www.europesays.com\/be-fr\/239775\/","title":{"rendered":"Hisense P1 : le triple laser devient vraiment nomade avec une batterie int\u00e9gr\u00e9e"},"content":{"rendered":"<p class=\"sc-9e1vpx-0 gxksba\">La batterie constitue \u00e9videmment la principale nouveaut\u00e9 du P1, et Hisense nous a donn\u00e9 sur place quelques pr\u00e9cisions importantes<\/p>\n<p>\u00c0 pleine puissance, le constructeur \u00e9voque environ 45 minutes d\u2019autonomie. En r\u00e9duisant la luminosit\u00e9, cette dur\u00e9e pourrait grimper jusqu\u2019\u00e0 environ 1 h 30. De quoi regarder un \u00e9pisode ou un programme court \u00e0 pleine puissance, mais il faudra donc accepter de r\u00e9duire la luminosit\u00e9 pour esp\u00e9rer tenir pendant une bonne partie d\u2019un film.<\/p>\n<p>C\u2019est justement ce compromis entre luminosit\u00e9 et autonomie qui permettra de situer le P1 face aux r\u00e9f\u00e9rences d\u00e9j\u00e0 install\u00e9es de la cat\u00e9gorie. Les petits projecteurs sur batterie de XGIMI ou Nebula misent souvent davantage sur l\u2019endurance et la compacit\u00e9, quand Hisense semble ici privil\u00e9gier une source triple laser relativement lumineuse et un v\u00e9ritable zoom optique.<\/p>\n","protected":false},"excerpt":{"rendered":"La batterie constitue \u00e9videmment la principale nouveaut\u00e9 du P1, et Hisense nous a donn\u00e9 sur place quelques pr\u00e9cisions&hellip;\n","protected":false},"author":2,"featured_media":239776,"comment_status":"","ping_status":"","sticky":false,"template":"","format":"standard","meta":{"footnotes":"","_share_on_mastodon":"0"},"categories":[70],"tags":[12,13,18,17,73,71,75,72,76,74],"class_list":["post-239775","post","type-post","status-publish","format-standard","has-post-thumbnail","category-sciences-et-technologies","tag-be","tag-be-fr","tag-belgique","tag-belgium","tag-science","tag-science-and-technology","tag-sciences","tag-sciences-et-technologies","tag-technologies","tag-technology"],"share_on_mastodon":{"url":"https:\/\/pubeurope.com\/@be_fr\/117215700121286773","error":""},"_links":{"self":[{"href":"https:\/\/www.europesays.com\/be-fr\/wp-json\/wp\/v2\/posts\/239775","targetHints":{"allow":["GET"]}}],"collection":[{"href":"https:\/\/www.europesays.com\/be-fr\/wp-json\/wp\/v2\/posts"}],"about":[{"href":"https:\/\/www.europesays.com\/be-fr\/wp-json\/wp\/v2\/types\/post"}],"author":[{"embeddable":true,"href":"https:\/\/www.europesays.com\/be-fr\/wp-json\/wp\/v2\/users\/2"}],"replies":[{"embeddable":true,"href":"https:\/\/www.europesays.com\/be-fr\/wp-json\/wp\/v2\/comments?post=239775"}],"version-history":[{"count":0,"href":"https:\/\/www.europesays.com\/be-fr\/wp-json\/wp\/v2\/posts\/239775\/revisions"}],"wp:featuredmedia":[{"embeddable":true,"href":"https:\/\/www.europesays.com\/be-fr\/wp-json\/wp\/v2\/media\/239776"}],"wp:attachment":[{"href":"https:\/\/www.europesays.com\/be-fr\/wp-json\/wp\/v2\/media?parent=239775"}],"wp:term":[{"taxonomy":"category","embeddable":true,"href":"https:\/\/www.europesays.com\/be-fr\/wp-json\/wp\/v2\/categories?post=239775"},{"taxonomy":"post_tag","embeddable":true,"href":"https:\/\/www.europesays.com\/be-fr\/wp-json\/wp\/v2\/tags?post=239775"}],"curies":[{"name":"wp","href":"https:\/\/api.w.org\/{rel}","templated":true}]}}