{"id":239779,"date":"2026-09-05T01:05:10","date_gmt":"2026-09-05T01:05:10","guid":{"rendered":"https:\/\/www.europesays.com\/be-fr\/239779\/"},"modified":"2026-09-05T01:05:10","modified_gmt":"2026-09-05T01:05:10","slug":"la-nasa-a-t-elle-decouvert-que-la-terre-etait-difforme-info-ou-intox","status":"publish","type":"post","link":"https:\/\/www.europesays.com\/be-fr\/239779\/","title":{"rendered":"La NASA a-t-elle d\u00e9couvert que la Terre \u00e9tait difforme ? &#8211; Info ou intox"},"content":{"rendered":"<p class=\"o-em-consent__content__text\">Pour afficher ce contenu YouTube, il est n\u00e9cessaire d&rsquo;autoriser les cookies de mesure d&rsquo;audience et de publicit\u00e9.<\/p>\n<p>            Accepter<\/p>\n<p>        G\u00e9rer mes choix                <\/p>\n<p class=\"o-em-adblock__content__text\">Une extension de votre navigateur semble bloquer le chargement du lecteur vid\u00e9o. Pour pouvoir regarder ce contenu, vous devez la d\u00e9sactiver ou la d\u00e9sinstaller.<\/p>\n<p>            R\u00e9essayer<\/p>\n<p><img fetchpriority=\"high\" decoding=\"auto\" src=\"https:\/\/www.europesays.com\/be-fr\/wp-content\/uploads\/2026\/09\/capture-17041925526a9b1e2a409d30-67996447.jpg\"   width=\"1024\" height=\"576\" alt=\"Info Intox\" loading=\"eager\" class=\"a-img \"\/><\/p>\n<p>    Image de couverture :            Info Intox        \u00a9 France24                            <\/p>\n<p class=\"m-pub-dates\">Publi\u00e9 le : 04\/09\/2026 &#8211; 21:44<\/p>\n<p>                            04:59 min\n                        <\/p>\n<p>                                                    <a href=\"https:\/\/www.france24.com\/fr\/%C3%A9missions\/info-intox\/\" class=\"t-content__program m-program\" rel=\"nofollow noopener\" target=\"_blank\"><\/p>\n<p>A retrouver dans l\u2019\u00e9mission<\/p>\n<p>    <img fetchpriority=\"low\" decoding=\"async\" src=\"https:\/\/s.france24.com\/media\/display\/c6226908-0e7f-11ee-9261-005056bf30b7\/FR-info-ou-intox.svg\"  alt=\"Info ou intox\" loading=\"eager\" class=\"a-img  a-img--svg\"\/><\/p>\n<p>                    <\/a><\/p>\n<p>                        Temps de lecture<br \/>\n                        1 min<\/p>\n<p class=\"t-content__chapo\">\n                                        C&rsquo;est une image diffus\u00e9e par la NASA qui a interpell\u00e9 beaucoup d&rsquo;internautes ces derni\u00e8res semaines : celle d&rsquo;une Terre caboss\u00e9e, difforme, cens\u00e9e pourtant repr\u00e9senter la v\u00e9ritable silhouette de notre plan\u00e8te. Mais attention : il s&rsquo;agit d&rsquo;un \u00ab\u00a0g\u00e9o\u00efde\u00a0\u00bb qui permet de visualiser la force de la gravit\u00e9 \u00e0 diff\u00e9rents endroits du globe. Face \u00e0 l&rsquo;incompr\u00e9hension g\u00e9n\u00e9ralis\u00e9e, la NASA elle-m\u00eame a d\u00fb pr\u00e9ciser son propos. Les explications de Jules BOITEAU.\u00a0                <\/p>\n","protected":false},"excerpt":{"rendered":"Pour afficher ce contenu YouTube, il est n\u00e9cessaire d&rsquo;autoriser les cookies de mesure d&rsquo;audience et de publicit\u00e9. Accepter&hellip;\n","protected":false},"author":2,"featured_media":239780,"comment_status":"","ping_status":"","sticky":false,"template":"","format":"standard","meta":{"footnotes":"","_share_on_mastodon":"0"},"categories":[70],"tags":[12,13,18,17,11984,74428,1921,73,71,75,72,76,74,1462],"class_list":["post-239779","post","type-post","status-publish","format-standard","has-post-thumbnail","category-sciences-et-technologies","tag-be","tag-be-fr","tag-belgique","tag-belgium","tag-fake-news","tag-info-ou-intox","tag-nasa","tag-science","tag-science-and-technology","tag-sciences","tag-sciences-et-technologies","tag-technologies","tag-technology","tag-terre"],"share_on_mastodon":{"url":"https:\/\/pubeurope.com\/@be_fr\/117215751646679471","error":""},"_links":{"self":[{"href":"https:\/\/www.europesays.com\/be-fr\/wp-json\/wp\/v2\/posts\/239779","targetHints":{"allow":["GET"]}}],"collection":[{"href":"https:\/\/www.europesays.com\/be-fr\/wp-json\/wp\/v2\/posts"}],"about":[{"href":"https:\/\/www.europesays.com\/be-fr\/wp-json\/wp\/v2\/types\/post"}],"author":[{"embeddable":true,"href":"https:\/\/www.europesays.com\/be-fr\/wp-json\/wp\/v2\/users\/2"}],"replies":[{"embeddable":true,"href":"https:\/\/www.europesays.com\/be-fr\/wp-json\/wp\/v2\/comments?post=239779"}],"version-history":[{"count":0,"href":"https:\/\/www.europesays.com\/be-fr\/wp-json\/wp\/v2\/posts\/239779\/revisions"}],"wp:featuredmedia":[{"embeddable":true,"href":"https:\/\/www.europesays.com\/be-fr\/wp-json\/wp\/v2\/media\/239780"}],"wp:attachment":[{"href":"https:\/\/www.europesays.com\/be-fr\/wp-json\/wp\/v2\/media?parent=239779"}],"wp:term":[{"taxonomy":"category","embeddable":true,"href":"https:\/\/www.europesays.com\/be-fr\/wp-json\/wp\/v2\/categories?post=239779"},{"taxonomy":"post_tag","embeddable":true,"href":"https:\/\/www.europesays.com\/be-fr\/wp-json\/wp\/v2\/tags?post=239779"}],"curies":[{"name":"wp","href":"https:\/\/api.w.org\/{rel}","templated":true}]}}