{"id":239791,"date":"2026-09-05T02:07:17","date_gmt":"2026-09-05T02:07:17","guid":{"rendered":"https:\/\/www.europesays.com\/be-fr\/239791\/"},"modified":"2026-09-05T02:07:17","modified_gmt":"2026-09-05T02:07:17","slug":"je-peux-vous-dire-que-cest-nikos-aliagas-donne-un-indice-sur-le-successeur-de-michael-goldman-a-la-star-academy","status":"publish","type":"post","link":"https:\/\/www.europesays.com\/be-fr\/239791\/","title":{"rendered":"Je peux vous dire que c&rsquo;est&#8230;\u00a0\u00bb : Nikos Aliagas donne un indice sur le successeur de Michael Goldman \u00e0 la \u00ab\u00a0Star Academy"},"content":{"rendered":"<p class=\"ap-StoryElement ap-StoryElement--mb ap-StoryText\">Bient\u00f4t, les nouveaux \u00e9l\u00e8ves de la Star Academy pousseront les portes du ch\u00e2teau de Dammarie-les-Lys, succ\u00e9dant \u00e0 Ambre, Anouk, Bastiaan et leurs comp\u00e8res. Et tandis que la 14e saison du t\u00e9l\u00e9-crochet s&rsquo;annonce, le myst\u00e8re plane toujours sur la composition du corps professoral. Michael Goldman, Marl\u00e8ne Schaff et Lucie Bernardoni ont d\u00e9j\u00e0 officialis\u00e9 leur d\u00e9part, laissant la porte ouverte \u00e0 de nouveaux visages.<\/p>\n<p class=\"ap-StoryElement ap-StoryElement--mb ap-StoryText\">Animateur historique du programme, Nikos Aliagas a fait quelques r\u00e9v\u00e9lations au sujet du nouveau directeur de la Star Academy. Il s&rsquo;est confi\u00e9 \u00e0 David Barbet dans son podcast Censur\u00e9s. \u00ab\u00a0Je connais l&rsquo;identit\u00e9 du nouveau directeur. Je lui ai m\u00eame parl\u00e9, mais je n&rsquo;ai pas encore le droit de dire qui c&rsquo;est\u00a0\u00bb, a-t-il d&rsquo;abord fait savoir.<\/p>\n","protected":false},"excerpt":{"rendered":"Bient\u00f4t, les nouveaux \u00e9l\u00e8ves de la Star Academy pousseront les portes du ch\u00e2teau de Dammarie-les-Lys, succ\u00e9dant \u00e0 Ambre,&hellip;\n","protected":false},"author":2,"featured_media":239792,"comment_status":"","ping_status":"","sticky":false,"template":"","format":"standard","meta":{"footnotes":"","_share_on_mastodon":"0"},"categories":[83],"tags":[12,13,18,17,26798,96,95,18937,1272,2953,322],"class_list":["post-239791","post","type-post","status-publish","format-standard","has-post-thumbnail","category-divertissement","tag-be","tag-be-fr","tag-belgique","tag-belgium","tag-directeur","tag-divertissement","tag-entertainment","tag-michael-goldman","tag-nikos-aliagas","tag-professeur","tag-star-academy"],"share_on_mastodon":{"url":"https:\/\/pubeurope.com\/@be_fr\/117215995273659247","error":""},"_links":{"self":[{"href":"https:\/\/www.europesays.com\/be-fr\/wp-json\/wp\/v2\/posts\/239791","targetHints":{"allow":["GET"]}}],"collection":[{"href":"https:\/\/www.europesays.com\/be-fr\/wp-json\/wp\/v2\/posts"}],"about":[{"href":"https:\/\/www.europesays.com\/be-fr\/wp-json\/wp\/v2\/types\/post"}],"author":[{"embeddable":true,"href":"https:\/\/www.europesays.com\/be-fr\/wp-json\/wp\/v2\/users\/2"}],"replies":[{"embeddable":true,"href":"https:\/\/www.europesays.com\/be-fr\/wp-json\/wp\/v2\/comments?post=239791"}],"version-history":[{"count":0,"href":"https:\/\/www.europesays.com\/be-fr\/wp-json\/wp\/v2\/posts\/239791\/revisions"}],"wp:featuredmedia":[{"embeddable":true,"href":"https:\/\/www.europesays.com\/be-fr\/wp-json\/wp\/v2\/media\/239792"}],"wp:attachment":[{"href":"https:\/\/www.europesays.com\/be-fr\/wp-json\/wp\/v2\/media?parent=239791"}],"wp:term":[{"taxonomy":"category","embeddable":true,"href":"https:\/\/www.europesays.com\/be-fr\/wp-json\/wp\/v2\/categories?post=239791"},{"taxonomy":"post_tag","embeddable":true,"href":"https:\/\/www.europesays.com\/be-fr\/wp-json\/wp\/v2\/tags?post=239791"}],"curies":[{"name":"wp","href":"https:\/\/api.w.org\/{rel}","templated":true}]}}