{"id":239795,"date":"2026-09-05T02:10:14","date_gmt":"2026-09-05T02:10:14","guid":{"rendered":"https:\/\/www.europesays.com\/be-fr\/239795\/"},"modified":"2026-09-05T02:10:14","modified_gmt":"2026-09-05T02:10:14","slug":"ifa-26-nos-videos-de-lifa-de-berlin-2026-sur-instagram-et-facebook","status":"publish","type":"post","link":"https:\/\/www.europesays.com\/be-fr\/239795\/","title":{"rendered":"IFA 26 > Nos vid\u00e9os de l&rsquo;IFA de Berlin 2026 sur Instagram et Facebook"},"content":{"rendered":"<p>Vous le savez s\u00fbrement si vous lisez depuis hier nos actualit\u00e9s\u00a0d\u00e9di\u00e9es aux nouveaut\u00e9s\u00a0audio\u2011vid\u00e9o de l&rsquo;IFA de Berlin, une partie de l&rsquo;\u00e9quipe AVcesar\u00a0se trouve sur place, comme chaque ann\u00e9e. Le programme est ultra\u2011charg\u00e9\u00a0: rencontres avec les marques, visite des stands (souvent gigantesques),\u00a0prise d&rsquo;informations que nous vous d\u00e9voilons d\u00e8s que possible, et courtes vid\u00e9os d&rsquo;ambiance, histoire de vous montrer le salon\u00a0presque comme vous y\u00a0\u00e9tiez.\u00a0<\/p>\n","protected":false},"excerpt":{"rendered":"Vous le savez s\u00fbrement si vous lisez depuis hier nos actualit\u00e9s\u00a0d\u00e9di\u00e9es aux nouveaut\u00e9s\u00a0audio\u2011vid\u00e9o de l&rsquo;IFA de Berlin, une&hellip;\n","protected":false},"author":2,"featured_media":239796,"comment_status":"","ping_status":"","sticky":false,"template":"","format":"standard","meta":{"footnotes":"","_share_on_mastodon":"0"},"categories":[70],"tags":[12,13,18,17,74433,634,73,71,75,72,76,74],"class_list":["post-239795","post","type-post","status-publish","format-standard","has-post-thumbnail","category-sciences-et-technologies","tag-be","tag-be-fr","tag-belgique","tag-belgium","tag-ifa-26","tag-reseaux-sociaux","tag-science","tag-science-and-technology","tag-sciences","tag-sciences-et-technologies","tag-technologies","tag-technology"],"share_on_mastodon":{"url":"https:\/\/pubeurope.com\/@be_fr\/117216007090325831","error":""},"_links":{"self":[{"href":"https:\/\/www.europesays.com\/be-fr\/wp-json\/wp\/v2\/posts\/239795","targetHints":{"allow":["GET"]}}],"collection":[{"href":"https:\/\/www.europesays.com\/be-fr\/wp-json\/wp\/v2\/posts"}],"about":[{"href":"https:\/\/www.europesays.com\/be-fr\/wp-json\/wp\/v2\/types\/post"}],"author":[{"embeddable":true,"href":"https:\/\/www.europesays.com\/be-fr\/wp-json\/wp\/v2\/users\/2"}],"replies":[{"embeddable":true,"href":"https:\/\/www.europesays.com\/be-fr\/wp-json\/wp\/v2\/comments?post=239795"}],"version-history":[{"count":0,"href":"https:\/\/www.europesays.com\/be-fr\/wp-json\/wp\/v2\/posts\/239795\/revisions"}],"wp:featuredmedia":[{"embeddable":true,"href":"https:\/\/www.europesays.com\/be-fr\/wp-json\/wp\/v2\/media\/239796"}],"wp:attachment":[{"href":"https:\/\/www.europesays.com\/be-fr\/wp-json\/wp\/v2\/media?parent=239795"}],"wp:term":[{"taxonomy":"category","embeddable":true,"href":"https:\/\/www.europesays.com\/be-fr\/wp-json\/wp\/v2\/categories?post=239795"},{"taxonomy":"post_tag","embeddable":true,"href":"https:\/\/www.europesays.com\/be-fr\/wp-json\/wp\/v2\/tags?post=239795"}],"curies":[{"name":"wp","href":"https:\/\/api.w.org\/{rel}","templated":true}]}}