{"id":239799,"date":"2026-09-05T02:20:14","date_gmt":"2026-09-05T02:20:14","guid":{"rendered":"https:\/\/www.europesays.com\/be-fr\/239799\/"},"modified":"2026-09-05T02:20:14","modified_gmt":"2026-09-05T02:20:14","slug":"ils-entendent-montrer-lexemple-william-et-harry-aux-portes-dune-reconciliation","status":"publish","type":"post","link":"https:\/\/www.europesays.com\/be-fr\/239799\/","title":{"rendered":"\u00ab\u00a0Ils entendent montrer l&rsquo;exemple\u00a0\u00bb : William et Harry aux portes d&rsquo;une r\u00e9conciliation ?"},"content":{"rendered":"<p class=\"ap-StoryElement ap-StoryElement--mb ap-StoryText\">La rentr\u00e9e du clan Windsor a une saveur toute particuli\u00e8re en 2026. Et ce n&rsquo;est pas seulement parce que le prince George fera bient\u00f4t ses premiers pas au coll\u00e8ge d&rsquo;Eton. La nouveaut\u00e9 tient surtout \u00e0 l&rsquo;arriv\u00e9e r\u00e9cente de la famille de Sussex au Royaume-Uni. Le prince Harry, Meghan Markle, Archie et Lilibet ont pos\u00e9 leurs valises sur les terres natales du duc, et entendent bien y rester un certain temps.<\/p>\n<p class=\"ap-StoryElement ap-StoryElement--mb ap-StoryText\"><a href=\"https:\/\/www.parismatch.be\/actualites\/people\/2026\/08\/29\/un-premier-membre-de-la-famille-du-prince-harry-reagit-a-son-retour-en-angleterre-avec-meghan-markle-formidable-SILXUNBCNBAB3JXB7APBQP4UOE\/\" target=\"_self\" rel=\"nofollow noopener\">Ce d\u00e9m\u00e9nagement<\/a> fait suite \u00e0 la rencontre priv\u00e9e mais tr\u00e8s scrut\u00e9e du couple de Sussex avec le roi Charles III et la reine Camilla, en juillet dernier. Et apr\u00e8s six ans de querelle familiale, les fans de la Couronne voient ici une opportunit\u00e9 de r\u00e9conciliation jamais esp\u00e9r\u00e9e auparavant. Et si le roi semble se r\u00e9jouir de pouvoir voir son fils cadet et ses petits-enfants plus souvent, les choses seraient bien plus compliqu\u00e9es du c\u00f4t\u00e9 du prince William.<\/p>\n","protected":false},"excerpt":{"rendered":"La rentr\u00e9e du clan Windsor a une saveur toute particuli\u00e8re en 2026. Et ce n&rsquo;est pas seulement parce&hellip;\n","protected":false},"author":2,"featured_media":239800,"comment_status":"","ping_status":"","sticky":false,"template":"","format":"standard","meta":{"footnotes":"","_share_on_mastodon":"0"},"categories":[83],"tags":[12,13,18,17,6252,96,95,1699,27954,17122,4303],"class_list":["post-239799","post","type-post","status-publish","format-standard","has-post-thumbnail","category-divertissement","tag-be","tag-be-fr","tag-belgique","tag-belgium","tag-charles-iii","tag-divertissement","tag-entertainment","tag-kate-middleton","tag-le-prince-harry","tag-le-prince-william","tag-meghan-markle"],"share_on_mastodon":{"url":"https:\/\/pubeurope.com\/@be_fr\/117216046301972925","error":""},"_links":{"self":[{"href":"https:\/\/www.europesays.com\/be-fr\/wp-json\/wp\/v2\/posts\/239799","targetHints":{"allow":["GET"]}}],"collection":[{"href":"https:\/\/www.europesays.com\/be-fr\/wp-json\/wp\/v2\/posts"}],"about":[{"href":"https:\/\/www.europesays.com\/be-fr\/wp-json\/wp\/v2\/types\/post"}],"author":[{"embeddable":true,"href":"https:\/\/www.europesays.com\/be-fr\/wp-json\/wp\/v2\/users\/2"}],"replies":[{"embeddable":true,"href":"https:\/\/www.europesays.com\/be-fr\/wp-json\/wp\/v2\/comments?post=239799"}],"version-history":[{"count":0,"href":"https:\/\/www.europesays.com\/be-fr\/wp-json\/wp\/v2\/posts\/239799\/revisions"}],"wp:featuredmedia":[{"embeddable":true,"href":"https:\/\/www.europesays.com\/be-fr\/wp-json\/wp\/v2\/media\/239800"}],"wp:attachment":[{"href":"https:\/\/www.europesays.com\/be-fr\/wp-json\/wp\/v2\/media?parent=239799"}],"wp:term":[{"taxonomy":"category","embeddable":true,"href":"https:\/\/www.europesays.com\/be-fr\/wp-json\/wp\/v2\/categories?post=239799"},{"taxonomy":"post_tag","embeddable":true,"href":"https:\/\/www.europesays.com\/be-fr\/wp-json\/wp\/v2\/tags?post=239799"}],"curies":[{"name":"wp","href":"https:\/\/api.w.org\/{rel}","templated":true}]}}