{"id":239803,"date":"2026-09-05T02:34:13","date_gmt":"2026-09-05T02:34:13","guid":{"rendered":"https:\/\/www.europesays.com\/be-fr\/239803\/"},"modified":"2026-09-05T02:34:13","modified_gmt":"2026-09-05T02:34:13","slug":"maladies-cardiovasculaires-et-maladie-renale-chronique-les-messages-a-retenir-des-recommandations-esc-2026","status":"publish","type":"post","link":"https:\/\/www.europesays.com\/be-fr\/239803\/","title":{"rendered":"Maladies cardiovasculaires et maladie r\u00e9nale chronique: les messages \u00e0 retenir des recommandations ESC 2026"},"content":{"rendered":"<p>Dans cet entretien r\u00e9alis\u00e9 \u00e0 l\u2019ESC 2026 avec le Dr Antonin Trimaille, le Dr Nicolas Girerd pr\u00e9sente les messages cl\u00e9s des toutes premi\u00e8res recommandations sur les maladies cardiovasculaires et maladies r\u00e9nales chroniques publi\u00e9es par la Soci\u00e9t\u00e9 europ\u00e9enne de cardiologie. \u201cLa volont\u00e9 de l\u2019ESC, c\u2019est de placer le cardiologue dans la prise en charge n\u00e9phrologique\u201d, explique-t-il, avant de d\u00e9tailler notamment l\u2019approche pratique autour de l\u2019acronyme STAMP.\u00a0<\/p>\n<p>Pour aller plus loin, notre article r\u00e9sum\u00e9 sur les nouvelles recommandations ESC 2026 en <a href=\"https:\/\/www.cardio-online.fr\/ressources-scientifiques\/recommandations-cardio-vasculaires\/2026\/nouvelles-recommandations-esc-2026-maladies-cardiovasculaires-et-maladies-renales-chroniques\" rel=\"nofollow noopener\" target=\"_blank\">cliquant ici<\/a>.\u00a0\u00a0<\/p>\n<p>\u00a0Les messages cl\u00e9s des autres recommandations ESC \u00e0 retrouver en vid\u00e9o :<\/p>\n<p>\u00a0<\/p>\n<p style=\"text-align:center;\"><a href=\"https:\/\/www.cardio-online.fr\/actualites\/couvertures-de-congres-en-cardiologie\/congres\/esc-2026-congres-de-l-european-society-of-cardiology\" title=\"Congr\u00e8s de l&#039;European Society of Cardiology : ESC 2026\" class=\"link--button\" rel=\"nofollow noopener\" target=\"_blank\">Toute l&rsquo;actualit\u00e9 de l&rsquo;ESC 2026<\/a><br \/>\u00a0<\/p>\n<p style=\"text-align:center;\">\u00a0<\/p>\n<p style=\"text-align:center;\">La couverture de ce congr\u00e8s vous est propos\u00e9e avec le soutien institutionnel de :<\/p>\n<p>\u00a0<\/p>\n<p>        <img loading=\"lazy\" decoding=\"async\" src=\"https:\/\/www.europesays.com\/be-fr\/wp-content\/uploads\/2026\/09\/b24c5054a2b9-logo3-AstraZeneca.jpg\" alt=\"AstraZeneca\" height=\"66\" width=\"200\"\/><\/p>\n<p>\u00a0<\/p>\n<p>        <img loading=\"lazy\" decoding=\"async\" src=\"https:\/\/www.europesays.com\/be-fr\/wp-content\/uploads\/2026\/09\/929ce3845676-Cytokinetics_Logo.jpg\" alt=\"Cytokinetics_Logo.jpg\" height=\"70\" width=\"163\"\/><\/p>\n","protected":false},"excerpt":{"rendered":"Dans cet entretien r\u00e9alis\u00e9 \u00e0 l\u2019ESC 2026 avec le Dr Antonin Trimaille, le Dr Nicolas Girerd pr\u00e9sente les&hellip;\n","protected":false},"author":2,"featured_media":239804,"comment_status":"","ping_status":"","sticky":false,"template":"","format":"standard","meta":{"footnotes":"","_share_on_mastodon":"0"},"categories":[82],"tags":[12,13,18,17,4168,39914,86,21054,67394,8521,8024,87],"class_list":["post-239803","post","type-post","status-publish","format-standard","has-post-thumbnail","category-sante","tag-be","tag-be-fr","tag-belgique","tag-belgium","tag-coeur","tag-esc","tag-health","tag-maladie-cardiovasculaire","tag-maladie-renale-chronique","tag-recommandations","tag-rein","tag-sante"],"share_on_mastodon":{"url":"https:\/\/pubeurope.com\/@be_fr\/117216101825451486","error":""},"_links":{"self":[{"href":"https:\/\/www.europesays.com\/be-fr\/wp-json\/wp\/v2\/posts\/239803","targetHints":{"allow":["GET"]}}],"collection":[{"href":"https:\/\/www.europesays.com\/be-fr\/wp-json\/wp\/v2\/posts"}],"about":[{"href":"https:\/\/www.europesays.com\/be-fr\/wp-json\/wp\/v2\/types\/post"}],"author":[{"embeddable":true,"href":"https:\/\/www.europesays.com\/be-fr\/wp-json\/wp\/v2\/users\/2"}],"replies":[{"embeddable":true,"href":"https:\/\/www.europesays.com\/be-fr\/wp-json\/wp\/v2\/comments?post=239803"}],"version-history":[{"count":0,"href":"https:\/\/www.europesays.com\/be-fr\/wp-json\/wp\/v2\/posts\/239803\/revisions"}],"wp:featuredmedia":[{"embeddable":true,"href":"https:\/\/www.europesays.com\/be-fr\/wp-json\/wp\/v2\/media\/239804"}],"wp:attachment":[{"href":"https:\/\/www.europesays.com\/be-fr\/wp-json\/wp\/v2\/media?parent=239803"}],"wp:term":[{"taxonomy":"category","embeddable":true,"href":"https:\/\/www.europesays.com\/be-fr\/wp-json\/wp\/v2\/categories?post=239803"},{"taxonomy":"post_tag","embeddable":true,"href":"https:\/\/www.europesays.com\/be-fr\/wp-json\/wp\/v2\/tags?post=239803"}],"curies":[{"name":"wp","href":"https:\/\/api.w.org\/{rel}","templated":true}]}}