{"id":239851,"date":"2026-09-05T05:12:14","date_gmt":"2026-09-05T05:12:14","guid":{"rendered":"https:\/\/www.europesays.com\/be-fr\/239851\/"},"modified":"2026-09-05T05:12:14","modified_gmt":"2026-09-05T05:12:14","slug":"voici-les-legumes-verts-a-privilegier-en-septembre-selon-leurs-atouts-nutritionnels","status":"publish","type":"post","link":"https:\/\/www.europesays.com\/be-fr\/239851\/","title":{"rendered":"Voici les l\u00e9gumes verts \u00e0 privil\u00e9gier en septembre, selon leurs atouts nutritionnels"},"content":{"rendered":"<p>La rentr\u00e9e constitue un moment de l&rsquo;ann\u00e9e opportun pour prendre de nouvelles <a href=\"https:\/\/www.futura-sciences.com\/tech\/definitions\/informatique-resolution-18289\/\" rel=\"nofollow noopener\" target=\"_blank\">r\u00e9solutions<\/a>. Comme le fait par exemple de manger davantage de <a href=\"https:\/\/blogs.futura-sciences.com\/maison-jardin\/7-legumes-a-semer-en-aout-pour-recolter-des-lautomne_23928\/\" rel=\"nofollow noopener\" target=\"_blank\">l\u00e9gumes<\/a>, de <a href=\"https:\/\/www.futura-sciences.com\/planete\/definitions\/saison-saison-17774\/\" rel=\"nofollow noopener\" target=\"_blank\">saison<\/a>. Pr\u00eats pour un tour d&rsquo;horizon du march\u00e9\u00a0? Voici donc de quoi remplir votre chariot de courses.<\/p>\n<p>Cinq l\u00e9gumes verts \u00e0 consommer en septembreL\u2019artichaut<\/p>\n<p>Ce l\u00e9gume, bouton d&rsquo;une plante paysag\u00e8re d\u00e9riv\u00e9e du chardon, se d\u00e9guste chaud ou froid, en soupe, en accompagnement ou en salade. Savoureux et peu calorique, il constitue une source int\u00e9ressante de <a href=\"https:\/\/www.futura-sciences.com\/sciences\/definitions\/chimie-potassium-14771\/\" rel=\"nofollow noopener\" target=\"_blank\">potassium<\/a> (340 mg pour 100 g), de <a href=\"https:\/\/www.futura-sciences.com\/sciences\/definitions\/chimie-phosphore-14519\/\" rel=\"nofollow noopener\" target=\"_blank\">phosphore<\/a> (50m g pour 100 g) ou encore de <a href=\"https:\/\/www.futura-sciences.com\/sciences\/definitions\/chimie-calcium-5069\/\" rel=\"nofollow noopener\" target=\"_blank\">calcium<\/a>. Et surtout, il renferme quantit\u00e9 de fibres, qui am\u00e9liorent le <a href=\"https:\/\/www.futura-sciences.com\/sciences\/definitions\/univers-transit-419\/\" rel=\"nofollow noopener\" target=\"_blank\">transit<\/a>. Sans oublier sa teneur en inuline, un sucre voisin de l&rsquo;amidon, tout b\u00e9n\u00e9fice pour la <a href=\"https:\/\/www.futura-sciences.com\/sante\/actualites\/intestins-ils-ont-nourri-notre-flore-intestinale-microplastiques-ce-quils-ont-decouvert-nest-pas-tout-rassurant-126223\/\" title=\"Ils ont nourri notre flore intestinale de microplastiques et ce qu\u2019ils ont d\u00e9couvert n\u2019est pas du tout rassurant\" rel=\"nofollow noopener\" target=\"_blank\">flore intestinale<\/a>.<\/p>\n<p>\n            <img decoding=\"async\" data-imgid=\"sm\" src=\"https:\/\/www.europesays.com\/be-fr\/wp-content\/uploads\/2026\/09\/prix-legumes.webp\" width=\"320\" height=\"320\" alt=\"L\u2019association Familles Rurales tire la sonnette d\u2019alarme sur l\u2019augmentation inqui\u00e9tante des prix de certains produits essentiels pour la sant\u00e9. \u00a9 Image g\u00e9n\u00e9r\u00e9e \u00e0 l'aide d'un outil IA. \u00a9 XD, ChatGPT\" loading=\"lazy\"\/><br \/>\n        <a href=\"https:\/\/www.futura-sciences.com\/sante\/actualites\/legume-legumes-sont-devenus-produits-alimentaires-prix-augmente-plus-vite-136479\/\" class=\"article-link article-title\" target=\"_blank\" rel=\"nofollow noopener\">Pourquoi les l\u00e9gumes sont devenus l\u2019un des produits alimentaires dont le prix augmente le plus vite<\/a><\/p>\n<p class=\"article-synopsis\">\n        Riches en fibres, vitamines et antioxydants, les l\u00e9gumes restent les meilleurs alli\u00e9s de notre sant\u00e9. Mais leur prix s\u2019envole : courgettes, tomates, haricots verts\u2026 En un an, certains affichent des hausses de plus de 30 %, au point de mettre en p\u00e9ril les recommandations nutritionnelles et le budget de nombreux Fran\u00e7ais&#8230;. Lire la suite\n    <\/p>\n<\/p>\n<p>Les blettes<\/p>\n<p>En cette p\u00e9riode de l&rsquo;ann\u00e9e, vous trouverez des <a href=\"https:\/\/www.futura-sciences.com\/planete\/definitions\/botanique-blette-7419\/\" rel=\"nofollow noopener\" target=\"_blank\">blettes<\/a> blondes. Pour des produits frais aux\u00a0qualit\u00e9s nutritionnelles remarquables, portez votre regard sur les feuilles qui doivent \u00eatre \u00e0 la fois fermes, vertes et non fl\u00e9tries. Vous pourrez les conserver dans le bac \u00e0 <a href=\"https:\/\/www.futura-sciences.com\/maison\/questions-reponses\/jardin-faut-il-laver-fruits-legumes-vinaigre-blanc-eau-claire-eliminer-pesticides-25920\/\" title=\"Faut-il laver ses fruits et l\u00e9gumes avec du vinaigre blanc ou de l&#039;eau claire pour \u00e9liminer les pesticides ?\" rel=\"nofollow noopener\" target=\"_blank\">l\u00e9gumes<\/a>\u00a0de votre <a href=\"https:\/\/www.futura-sciences.com\/maison\/questions-reponses\/diy-5-astuces-eliminer-mauvaises-odeurs-refrigerateur-20423\/\" title=\"5 Astuces pour \u00e9liminer les mauvaises odeurs dans le r\u00e9frig\u00e9rateur\" rel=\"nofollow noopener\" target=\"_blank\">r\u00e9frig\u00e9rateur<\/a> pendant une semaine.<\/p>\n<p>Le brocoli<\/p>\n<p>De la famille des crucif\u00e8res, il poss\u00e8de une sorte d&rsquo;arme secr\u00e8te nomm\u00e9e glucosinolate, qui, accompagn\u00e9 d&rsquo;une <a href=\"https:\/\/www.futura-sciences.com\/sciences\/definitions\/chimie-enzyme-710\/\" rel=\"nofollow noopener\" target=\"_blank\">enzyme<\/a> \u00e9galement contenue dans le l\u00e9gume, lib\u00e8re du sulforaphane lors de la mastication. Ce compos\u00e9 est reconnu pour ses vertus antioxydantes et m\u00eame antitumorales, aiderait m\u00eame \u00e0 lutter contre <a href=\"https:\/\/www.futura-sciences.com\/sante\/actualites\/diabete-type-2-il-agit-seulement-sucre-monte-ce-probiotique-vivant-pourrait-changer-traitement-diabete-137269\/\" title=\"\u00ab Il agit seulement quand le sucre monte \u00bb : ce probiotique \u00ab vivant \u00bb pourrait changer le traitement du diab\u00e8te\" rel=\"nofollow noopener\" target=\"_blank\">le diab\u00e8te<\/a> de type 2. Choisissez \u00e9galement le <a href=\"https:\/\/www.futura-sciences.com\/planete\/definitions\/botanique-brocoli-7425\/\" rel=\"nofollow noopener\" target=\"_blank\">brocolis<\/a> pour ses fibres et leurs vertus laxatives. Il est d&rsquo;ailleurs conseill\u00e9 d&rsquo;en manger en cas de constipation passag\u00e8re.<\/p>\n<p class=\"fs-media\">\n<p><img decoding=\"async\" data-imgid=\"full\" src=\"https:\/\/www.europesays.com\/be-fr\/wp-content\/uploads\/2026\/09\/Brocoli-legumes.jpg\" width=\"1080\" height=\"1620\" alt=\"\" loading=\"lazy\"\/><br \/>\nLe brocolis, un l\u00e9gume \u00e0 cuisiner en septembre.\u00a0\u00a9 Ira.foto.2024, Shutterstock<\/p>\n<p>Du cresson<\/p>\n<p>Voil\u00e0 un l\u00e9gume un peu <a href=\"https:\/\/www.futura-sciences.com\/maison\/actualites\/jardin-secrets-jardinage-top-legumes-oublies-cultiver-son-potager-112806\/\" title=\"Secrets de jardinage : le top des l\u00e9gumes oubli\u00e9s \u00e0 cultiver dans son potager\" rel=\"nofollow noopener\" target=\"_blank\">oubli\u00e9<\/a> mais dot\u00e9 d&rsquo;atouts nutritionnels certains : <a href=\"https:\/\/www.futura-sciences.com\/sante\/definitions\/medecine-vitamine-c-6127\/\" rel=\"nofollow noopener\" target=\"_blank\">vitamines C<\/a> et B9, potassium et calcium \u00e9galement. Le tout avec un apport calorique tr\u00e8s faible : 14,9 kCal pour une portion de 100 g. Id\u00e9al en salade ou en soupe.<\/p>\n<p>Des haricots verts<\/p>\n<p>Un classique\u00a0! Peu calorique\u00a0(28 kcal pour 100 g), il constitue, cuit, une bonne source de <a href=\"https:\/\/www.futura-sciences.com\/sante\/questions-reponses\/nutrition-fibres-alimentaires-role-exact-jouent-elles-prevention-maladies-cardiovasculaires-24811\/\" title=\"Les fibres alimentaires : quel r\u00f4le exact jouent-elles dans la pr\u00e9vention des maladies cardiovasculaires ?\" rel=\"nofollow noopener\" target=\"_blank\">fibres<\/a> et de <a href=\"https:\/\/www.futura-sciences.com\/sante\/definitions\/medecine-vitamine-b9-6122\/\" rel=\"nofollow noopener\" target=\"_blank\">vitamine B9<\/a>. Sans oublier ses apports en potassium et ses <a href=\"https:\/\/www.futura-sciences.com\/sante\/definitions\/medecine-polyphenol-6212\/\" rel=\"nofollow noopener\" target=\"_blank\">polyph\u00e9nols<\/a>, bien connus pour \u00eatre de v\u00e9ritables remparts <a href=\"https:\/\/www.futura-sciences.com\/sante\/definitions\/medecine-antioxydant-2995\/\" rel=\"nofollow noopener\" target=\"_blank\">antioxydants<\/a>, contre les <a href=\"https:\/\/www.futura-sciences.com\/sante\/definitions\/coeur-maladie-cardiovasculaire-15398\/\" rel=\"nofollow noopener\" target=\"_blank\">maladies cardiovasculaires<\/a>.<\/p>\n<p>\n            <img decoding=\"async\" data-imgid=\"sm\" src=\"https:\/\/www.europesays.com\/be-fr\/wp-content\/uploads\/2026\/09\/fruits-legumes-coeur.png\" width=\"320\" height=\"320\" alt=\"Et si la simple quantit\u00e9 de cinq fruits et l\u00e9gumes par jour ne suffisait pas \u00e0 prot\u00e9ger le c\u0153ur ? \u00a9\u00a0Xavier Demeersman, ChatGPT\" loading=\"lazy\"\/><br \/>\n        <a href=\"https:\/\/www.futura-sciences.com\/sante\/actualites\/coeur-sante-coeur-voici-fruits-legumes-vous-devez-privilegier-selon-etude-135417\/\" class=\"article-link article-title\" target=\"_blank\" rel=\"nofollow noopener\">Sant\u00e9 du c\u0153ur : voici les fruits et l\u00e9gumes que vous devez privil\u00e9gier, selon une \u00e9tude<\/a><\/p>\n<p class=\"article-synopsis\">\n        Les recommandations alimentaires encouragent la consommation quotidienne de cinq fruits et l\u00e9gumes. Mais au-del\u00e0 de la quantit\u00e9, le choix de ces aliments semble tout aussi important. Une vaste \u00e9tude s\u2019est int\u00e9ress\u00e9e de plus pr\u00e8s \u00e0 certains compos\u00e9s pr\u00e9sents dans les v\u00e9g\u00e9taux et associ\u00e9s \u00e0 des effets b\u00e9n\u00e9fiques sur la sant\u00e9 cardiovasculaire&#8230;. Lire la suite\n    <\/p><\/p>\n","protected":false},"excerpt":{"rendered":"La rentr\u00e9e constitue un moment de l&rsquo;ann\u00e9e opportun pour prendre de nouvelles r\u00e9solutions. Comme le fait par exemple&hellip;\n","protected":false},"author":2,"featured_media":239852,"comment_status":"","ping_status":"","sticky":false,"template":"","format":"standard","meta":{"footnotes":"","_share_on_mastodon":"0"},"categories":[82],"tags":[826,74523,12,13,18,17,74522,74526,74521,74525,74528,558,74527,86,20648,74520,3446,44436,74524,87,10186,21966,9457],"class_list":["post-239851","post","type-post","status-publish","format-standard","has-post-thumbnail","category-sante","tag-alimentation","tag-artichauts","tag-be","tag-be-fr","tag-belgique","tag-belgium","tag-brocolis","tag-consommation-de-cresson","tag-consommation-de-legumes-verts","tag-cresson","tag-fruits-et-legumes-de-saison","tag-gastronomie","tag-haricots-verts","tag-health","tag-legume","tag-legumes-verts","tag-nutrition","tag-produit-de-saison","tag-saison-de-la-blette","tag-sante","tag-septembre","tag-vegetarien","tag-vitamines"],"share_on_mastodon":{"url":"https:\/\/pubeurope.com\/@be_fr\/117216723087695460","error":""},"_links":{"self":[{"href":"https:\/\/www.europesays.com\/be-fr\/wp-json\/wp\/v2\/posts\/239851","targetHints":{"allow":["GET"]}}],"collection":[{"href":"https:\/\/www.europesays.com\/be-fr\/wp-json\/wp\/v2\/posts"}],"about":[{"href":"https:\/\/www.europesays.com\/be-fr\/wp-json\/wp\/v2\/types\/post"}],"author":[{"embeddable":true,"href":"https:\/\/www.europesays.com\/be-fr\/wp-json\/wp\/v2\/users\/2"}],"replies":[{"embeddable":true,"href":"https:\/\/www.europesays.com\/be-fr\/wp-json\/wp\/v2\/comments?post=239851"}],"version-history":[{"count":0,"href":"https:\/\/www.europesays.com\/be-fr\/wp-json\/wp\/v2\/posts\/239851\/revisions"}],"wp:featuredmedia":[{"embeddable":true,"href":"https:\/\/www.europesays.com\/be-fr\/wp-json\/wp\/v2\/media\/239852"}],"wp:attachment":[{"href":"https:\/\/www.europesays.com\/be-fr\/wp-json\/wp\/v2\/media?parent=239851"}],"wp:term":[{"taxonomy":"category","embeddable":true,"href":"https:\/\/www.europesays.com\/be-fr\/wp-json\/wp\/v2\/categories?post=239851"},{"taxonomy":"post_tag","embeddable":true,"href":"https:\/\/www.europesays.com\/be-fr\/wp-json\/wp\/v2\/tags?post=239851"}],"curies":[{"name":"wp","href":"https:\/\/api.w.org\/{rel}","templated":true}]}}