{"id":239853,"date":"2026-09-05T05:14:13","date_gmt":"2026-09-05T05:14:13","guid":{"rendered":"https:\/\/www.europesays.com\/be-fr\/239853\/"},"modified":"2026-09-05T05:14:13","modified_gmt":"2026-09-05T05:14:13","slug":"le-smartphone-pliable-attend-apple-pour-sortir-de-sa-poche-lecho","status":"publish","type":"post","link":"https:\/\/www.europesays.com\/be-fr\/239853\/","title":{"rendered":"Le smartphone pliable attend Apple pour sortir de sa poche &#8211; L&#039;Echo"},"content":{"rendered":"<p><a href=\"https:\/\/news.google.com\/rss\/articles\/CBMiugFBVV95cUxONmFnWWJyZzRiem54ZnRQWndjMDJvaWZaNzRwdzZyWl9zMDlfQldqakR2Y1FlTmZOTU1ONEZibTRYeEdqYmdpN2hIWWlJMk56WGU1LWx6VHlBN0dVWnRxcDY2UGt4NWVpdGdkbTFyaGV0WnVKWG42S2k5QktHWU5JeHZEQ3JnMnNNa2E4RkhidjF4cEZrWFk5SlBTNlRqXzY5VnRlamVXQzRhRjljRktYN1lFV3AzV3hyQ1E?oc=5\" target=\"_blank\" rel=\"nofollow noopener\">Le smartphone pliable attend Apple pour sortir de sa poche<\/a>&nbsp;&nbsp;L&rsquo;Echo<a href=\"https:\/\/news.google.com\/rss\/articles\/CBMi0wFBVV95cUxQRlM4TmZjX2xKX3B1UklBQ0x1Mk1TTjRnQTUtNzFVZVFJSERGbWtVcXNlaTVRc3o4R1JTSVFJemh0dFptVGE3MjBEU0xIVzhFYjRSTjZuSU5Yc05xYUpQblFkSFN4WkFnTFJYYVhSUGFhRUFtZ01ZRk1iZzNkVW1xV2hrcnNPNzRDUlQyd2tSZDRRalJWeW8wNHJYenpzcndUUG9uT3FGZnVhRDBnWlpHMUU0SjFhU0RoblJkUmxNZnZxRlRWanUyOUZrWUUwZFVLU2NF?oc=5\" target=\"_blank\" rel=\"nofollow noopener\">On a crois\u00e9 l&rsquo;iPhone Ultra (et m\u00eame l&rsquo;iPhone 18 Pro), et la keynote s&rsquo;annonce folle !<\/a>&nbsp;&nbsp;Les Num\u00e9riques<a href=\"https:\/\/news.google.com\/rss\/articles\/CBMi4gFBVV95cUxNM1pnNnV2QU1UaE9ZUEdLdlFkYlJaYWN4S3VNM2NwM2x0VEZrQW9OcEcxbkpGU21wS1RlY1BucnhwdDNHcTY2VHRDQkwwSkkyVHY3N05tQjU3WGl4eDV5Y1NPbFRjRmR3S1VhQzFOdTNLVGJKbFI2UWl2a1VyNFRmY1hBM3AzZC1GR1dpcGVVNVdqMndvcVpNbEt1RWpZbG52eVhnaXBVRzluSzYyczlwbXFqUWZjVUEyekxJa0ZWZmFnYnhQXzNVRzRRNWdLNmRSTWp3T21ETkY3OGx0bFFwRmV3?oc=5\" target=\"_blank\" rel=\"nofollow noopener\">La production de l&rsquo;iPhone pliable d&rsquo;Apple limit\u00e9e \u00e0 quelques centaines d&rsquo;unit\u00e9s par jour<\/a>&nbsp;&nbsp;Zonebourse Suisse<a href=\"https:\/\/news.google.com\/rss\/articles\/CBMi0gFBVV95cUxPMU5mSzdiZnVCWjFWTEF6dC1CWEVNaUE0ZVI1bWxNZDBwTkhPcG05bnc4TU43Yk4wR203LVE2My1Gc3U1ZEhjNG5GYWVqZk93eWQ0WDBHbDJLcHFCLXBBT0FTX2dRMl93Z1kwME9xVmNvYkV1cmxhOTIxTDVTeHhJWGxzRzJwcnVDUDdzRlJtYnlWNDhDdWsweVByZnpXbnlncVR5RVJWaktoajlRa1FFanpDa01uYlFucEVTWHVoZ19tS0psUjcxUzEzMVpJRmFUa2c?oc=5\" target=\"_blank\" rel=\"nofollow noopener\">Citi analyse la cha\u00eene d\u2019approvisionnement de l\u2019iPhone 18 avant son lancement<\/a>&nbsp;&nbsp;Investing.com France<a href=\"https:\/\/news.google.com\/rss\/articles\/CBMirAFBVV95cUxQUEQ3TTJraWhrYUhSNGIybDY5ZFVSUE5sZ0lFbjBXRDNaU2xPN3k4eGpsYkRIN01KSHJkMlRnVXkzal9CZmZLc3hROC1XaDJ2b3FIQlBiXzUxbXFyS3pDMHpGRUFJVm5oU3QwVlAxVjVGenV5LVJnNUs4ZEJnSWpvUXZ3TVNLOXJhaFVYY1BXT3hZdnF2NUxudkNtVnJlRzQwZUdOdVZNMURneUJr?oc=5\" target=\"_blank\" rel=\"nofollow noopener\">Apple : un iPhone pliable \u00e0 plus de 2.000 dollars ?<\/a>&nbsp;&nbsp;Boursier.com<\/p>\n","protected":false},"excerpt":{"rendered":"Le smartphone pliable attend Apple pour sortir de sa poche&nbsp;&nbsp;L&rsquo;EchoOn a crois\u00e9 l&rsquo;iPhone Ultra (et m\u00eame l&rsquo;iPhone 18&hellip;\n","protected":false},"author":2,"featured_media":239854,"comment_status":"","ping_status":"","sticky":false,"template":"","format":"standard","meta":{"footnotes":"","_share_on_mastodon":"0"},"categories":[70],"tags":[12,13,18,17,73,71,75,72,76,74],"class_list":["post-239853","post","type-post","status-publish","format-standard","has-post-thumbnail","category-sciences-et-technologies","tag-be","tag-be-fr","tag-belgique","tag-belgium","tag-science","tag-science-and-technology","tag-sciences","tag-sciences-et-technologies","tag-technologies","tag-technology"],"share_on_mastodon":{"url":"https:\/\/pubeurope.com\/@be_fr\/117216730416190221","error":""},"_links":{"self":[{"href":"https:\/\/www.europesays.com\/be-fr\/wp-json\/wp\/v2\/posts\/239853","targetHints":{"allow":["GET"]}}],"collection":[{"href":"https:\/\/www.europesays.com\/be-fr\/wp-json\/wp\/v2\/posts"}],"about":[{"href":"https:\/\/www.europesays.com\/be-fr\/wp-json\/wp\/v2\/types\/post"}],"author":[{"embeddable":true,"href":"https:\/\/www.europesays.com\/be-fr\/wp-json\/wp\/v2\/users\/2"}],"replies":[{"embeddable":true,"href":"https:\/\/www.europesays.com\/be-fr\/wp-json\/wp\/v2\/comments?post=239853"}],"version-history":[{"count":0,"href":"https:\/\/www.europesays.com\/be-fr\/wp-json\/wp\/v2\/posts\/239853\/revisions"}],"wp:featuredmedia":[{"embeddable":true,"href":"https:\/\/www.europesays.com\/be-fr\/wp-json\/wp\/v2\/media\/239854"}],"wp:attachment":[{"href":"https:\/\/www.europesays.com\/be-fr\/wp-json\/wp\/v2\/media?parent=239853"}],"wp:term":[{"taxonomy":"category","embeddable":true,"href":"https:\/\/www.europesays.com\/be-fr\/wp-json\/wp\/v2\/categories?post=239853"},{"taxonomy":"post_tag","embeddable":true,"href":"https:\/\/www.europesays.com\/be-fr\/wp-json\/wp\/v2\/tags?post=239853"}],"curies":[{"name":"wp","href":"https:\/\/api.w.org\/{rel}","templated":true}]}}