{"id":239875,"date":"2026-09-05T05:35:07","date_gmt":"2026-09-05T05:35:07","guid":{"rendered":"https:\/\/www.europesays.com\/be-fr\/239875\/"},"modified":"2026-09-05T05:35:07","modified_gmt":"2026-09-05T05:35:07","slug":"television-adelaide-12-ans-candidate-de-loise-dans-la-saison-12-de-the-voice-kids","status":"publish","type":"post","link":"https:\/\/www.europesays.com\/be-fr\/239875\/","title":{"rendered":"T\u00e9l\u00e9vision\u00a0: Ad\u00e9la\u00efde, 12 ans, candidate de l&rsquo;Oise dans la saison 12 de The Voice Kids"},"content":{"rendered":"<p>                    Par<\/p>\n<p>            <a href=\"https:\/\/actu.fr\/auteur\/adrien-deschepper\" title=\"Consulter tous les articles de Adrien Deschepper\" rel=\"nofollow noopener\" target=\"_blank\">Adrien Deschepper<\/a><\/p>\n<p>        Publi\u00e9 le<\/p>\n<p>            5 sept. 2026 \u00e0 6h32        <\/p>\n<p>\u00ab\u00a0C\u2019\u00e9tait stressant mais je n\u2019y pensais pas vraiment. C\u2019\u00e9tait surtout incroyable, vraiment magique d\u2019\u00eatre l\u00e0-bas. L\u2019exp\u00e9rience est waouh !\u00a0\u00bb En cette semaine de <a href=\"https:\/\/actu.fr\/hauts-de-france\/neuilly-en-thelle_60450\/pres-de-1-000-eleves-dans-des-prefabriques-bonne-nouvelle-pour-la-rentree-dans-ce-college-de-l-oise_64728986.html\" rel=\"nofollow noopener\" target=\"_blank\">rentr\u00e9e scolaire<\/a>, Ad\u00e9la\u00efde, 12 ans, est d\u00e9j\u00e0 la star de sa classe. Tout juste entr\u00e9e en classe de cinqui\u00e8me, la jeune fille originaire de l\u2019<a href=\"http:\/\/actu.fr\/oise\/\" rel=\"nofollow noopener\" target=\"_blank\">Oise<\/a>, pr\u00e8s de Cr\u00e9py-en-Valois, a particip\u00e9 aux\u00a0auditions \u00e0 l\u2019aveugle de la saison 12 de The Voice Kids, dont la diffusion est pr\u00e9vue ce samedi 5 septembre 2026 sur TF1, \u00e0 partir de 21h10.<\/p>\n<p class=\" wall-content\">Avec des premiers cours de chant d\u00e8s 8 ans \u00e0 Compi\u00e8gne, Ad\u00e9la\u00efde est rapidement pass\u00e9e \u00e0 l\u2019\u00e9tape sup\u00e9rieure, celle des concours de chant. \u00ab\u00a0\u00c7a se passait pas trop mal, elle terminait r\u00e9guli\u00e8rement premi\u00e8re, deuxi\u00e8me ou recevait un prix coup de c\u0153ur\u00a0\u00bb, se souvient C\u00e9dric, son papa.<\/p>\n<p>Un duo et d\u00e9j\u00e0 quatre titres \u00e0 son actif<\/p>\n<p class=\" wall-content\">Rep\u00e9r\u00e9e par le casteur du c\u00e9l\u00e8bre programme aux si\u00e8ges rouges retournants, elle se laisse convaincre bien volontiers de se frotter aux quatre coachs de la saison 12 de The Voice Kids, Patrick Fiori, Santa, Matt Pokora et Soprano.<\/p>\n<p class=\" wall-content\"><a href=\"https:\/\/www.instagram.com\/reel\/DVHDz_-CEqQ\/embed\" title=\"Ouvrir le lien sur Instagram\" rel=\"nofollow noopener\" target=\"_blank\">Visualiser le contenu sur Instagram<\/a><\/p>\n<p class=\" wall-content\">\u00ab\u00a0J\u2019ai commenc\u00e9 \u00e0 chanter du Edith Piaf\u00a0\u00bb, raconte la jeune fille, pleine d\u2019\u00e9nergie, lors d\u2019un entretien avec actu Oise, avant sa premi\u00e8re apparition \u00e0 la t\u00e9l\u00e9vision. Des d\u00e9buts sur de la vari\u00e9t\u00e9 fran\u00e7aise, et tr\u00e8s vite, elle monte un duo avec un guitariste, le p\u00e8re d\u2019un de ses amis d\u2019\u00e9cole.<\/p>\n<p>J&rsquo;ai toujours voulu participer \u00e0 The Voice Kids, c&rsquo;\u00e9tait un r\u00eave !<\/p>\n<p>    Ad\u00e9la\u00efde, 12 ans<br \/>\n        Candidate originaire de l&rsquo;Oise    <\/p>\n<p class=\" wall-content\">Tous deux font r\u00e9guli\u00e8rement des sc\u00e8nes, et seront d\u2019ailleurs au Festival de la Voix Verte, \u00e0 Betz, le samedi 20 septembre prochain. Avant m\u00eame l\u2019aventure The Voice Kids, <a href=\"https:\/\/www.instagram.com\/adelaide.thevoicekids12?igsi=MWtyNXpxMWVrMG4zZw==\" rel=\"nofollow noopener\" target=\"_blank\">Adela\u00efde<\/a> comptabilise quatre titres, d\u00e9j\u00e0 disponibles sur les plateformes, dont deux \u00e9crits par ses soins : Derniers mots, \u00c7a me ressemble, J\u2019aime pas les gens et En vrai c\u2019est bien.<\/p>\n<p class=\" wall-content\">\n<p>\u00ab\u00a0Elle est plut\u00f4t discr\u00e8te. Mais sur sc\u00e8ne, c\u2019est une autre enfant\u00a0\u00bb<\/p>\n<p class=\" wall-content\">Parmi ses artistes pr\u00e9f\u00e9r\u00e9s et inspirations, elle cite ZAO, <a href=\"https:\/\/actu.fr\/ile-de-france\/paris_75056\/pourquoi-celine-dion-reste-a-distance-de-ses-nombreux-fans-depuis-son-arrivee-a-paris_64736512.html\" rel=\"nofollow noopener\" target=\"_blank\">C\u00e9line Dion<\/a> ou encore Lara Fabian. \u00ab\u00a0Enfin\u2026 Des grandes voix quoi !\u00a0\u00bb, clame-t-elle ensuite. Concernant The Voice Kids,\u00a0\u00ab\u00a0c\u2019est un programme que je regarde\u00a0\u00bb, assure la candidate. \u00ab\u00a0J\u2019aime bien le concept, \u00e7a me permets de d\u00e9couvrir de nouveaux artistes\u00a0\u00bb.\u00a0<\/p>\n<p>Les nouveaut\u00e9s de la saison 12 de The Voice Kids<\/p>\n<p>Pour cette saison 12 du programme, de nouvelles r\u00e8gles viennent pimenter la comp\u00e9tition et offrir encore plus de spectacle : les gages, qui pourront \u00eatre impos\u00e9s par les coachs, le block, qui permettra aux coachs de d\u00e9fendre leurs talents et de \u00ab\u00a0bouleverser le cours de la comp\u00e9tition\u00a0\u00bb et l&rsquo;appel \u00e0 un ami, pour qu&rsquo;on coach puisse adresser un message de soutien d&rsquo;une autre personnalit\u00e9 \u00e0 ses talents. <br \/>\u00ab\u00a0Ces nouvelles r\u00e8gles appontent une dimension encore plus ludique, tout en conservant ce qui fait le succ\u00e8s du programme : la voix, l&rsquo;\u00e9motion et le talent\u00a0\u00bb, fait savoir TF1.<\/p>\n<p class=\" wall-content\">\u00ab\u00a0Que demander de plus de voir son enfant \u00e9panouie ?\u00a0\u00bb, poursuit son p\u00e8re. \u00ab\u00a0Elle est plut\u00f4t discr\u00e8te dans la vie de tous les jours. Mais sur sc\u00e8ne, c\u2019est une autre enfant (rires). Mais elle garde son \u00e2me de petite fille, on veille \u00e0 cela. Elle est s\u00e9rieuse \u00e0 l\u2019\u00e9cole, le chant reste une passion\u00a0\u00bb.<\/p>\n<p class=\" wall-content\">Personnalisez votre actualit\u00e9 en ajoutant vos villes et m\u00e9dias en favori avec <a href=\"https:\/\/moncompte.actu.fr\" title=\"D\u00e9couvez Mon Actu\" rel=\"nofollow noopener\" data-trk=\"{&quot;cta&quot;:{&quot;action&quot;:&quot;https:\\\/\\\/moncompte.actu.fr&quot;,&quot;category&quot;:&quot;mon compte&quot;,&quot;from&quot;:&quot;article footer&quot;,&quot;name&quot;:&quot;Mon actu&quot;,&quot;type&quot;:&quot;cta&quot;}}\" target=\"_blank\">Mon Actu<\/a>.<\/p>\n<p>                    <script async src=\"\/\/www.instagram.com\/embed.js\"><\/script><\/p>\n","protected":false},"excerpt":{"rendered":"Par Adrien Deschepper Publi\u00e9 le 5 sept. 2026 \u00e0 6h32 \u00ab\u00a0C\u2019\u00e9tait stressant mais je n\u2019y pensais pas vraiment.&hellip;\n","protected":false},"author":2,"featured_media":239876,"comment_status":"","ping_status":"","sticky":false,"template":"","format":"standard","meta":{"footnotes":"","_share_on_mastodon":"0"},"categories":[99],"tags":[12,13,18,17,96,95,41113,476,112,1409],"class_list":["post-239875","post","type-post","status-publish","format-standard","has-post-thumbnail","category-television","tag-be","tag-be-fr","tag-belgique","tag-belgium","tag-divertissement","tag-entertainment","tag-loise","tag-societe","tag-television","tag-the-voice"],"share_on_mastodon":{"url":"https:\/\/pubeurope.com\/@be_fr\/117216812824965454","error":""},"_links":{"self":[{"href":"https:\/\/www.europesays.com\/be-fr\/wp-json\/wp\/v2\/posts\/239875","targetHints":{"allow":["GET"]}}],"collection":[{"href":"https:\/\/www.europesays.com\/be-fr\/wp-json\/wp\/v2\/posts"}],"about":[{"href":"https:\/\/www.europesays.com\/be-fr\/wp-json\/wp\/v2\/types\/post"}],"author":[{"embeddable":true,"href":"https:\/\/www.europesays.com\/be-fr\/wp-json\/wp\/v2\/users\/2"}],"replies":[{"embeddable":true,"href":"https:\/\/www.europesays.com\/be-fr\/wp-json\/wp\/v2\/comments?post=239875"}],"version-history":[{"count":0,"href":"https:\/\/www.europesays.com\/be-fr\/wp-json\/wp\/v2\/posts\/239875\/revisions"}],"wp:featuredmedia":[{"embeddable":true,"href":"https:\/\/www.europesays.com\/be-fr\/wp-json\/wp\/v2\/media\/239876"}],"wp:attachment":[{"href":"https:\/\/www.europesays.com\/be-fr\/wp-json\/wp\/v2\/media?parent=239875"}],"wp:term":[{"taxonomy":"category","embeddable":true,"href":"https:\/\/www.europesays.com\/be-fr\/wp-json\/wp\/v2\/categories?post=239875"},{"taxonomy":"post_tag","embeddable":true,"href":"https:\/\/www.europesays.com\/be-fr\/wp-json\/wp\/v2\/tags?post=239875"}],"curies":[{"name":"wp","href":"https:\/\/api.w.org\/{rel}","templated":true}]}}