{"id":239903,"date":"2026-09-05T06:06:18","date_gmt":"2026-09-05T06:06:18","guid":{"rendered":"https:\/\/www.europesays.com\/be-fr\/239903\/"},"modified":"2026-09-05T06:06:18","modified_gmt":"2026-09-05T06:06:18","slug":"eden-hazard-se-reconvertit-en-conferencier","status":"publish","type":"post","link":"https:\/\/www.europesays.com\/be-fr\/239903\/","title":{"rendered":"Eden Hazard se reconvertit\u2026 en conf\u00e9rencier"},"content":{"rendered":"<p class=\"ap-StoryElement ap-StoryElement--mb ap-StoryText\"><a href=\"https:\/\/www.dhnet.be\/actualite\/personne\/eden-hazard\/\" target=\"_self\" rel=\"nofollow noopener\">Eden Hazard n&rsquo;a pas fini de faire parler de lui<\/a>, m\u00eame apr\u00e8s avoir rang\u00e9 ses crampons. L&rsquo;ancien Diable rouge sera l&rsquo;un des invit\u00e9s vedettes de l&rsquo;Odoo Experience 2026, le grand rendez-vous organis\u00e9 par l&rsquo;entreprise informatique belge \u00e0 Brussels Expo, du 24 au 26 septembre.<\/p>\n<p class=\"ap-StoryElement ap-StoryElement--mb ap-StoryText\">L&rsquo;ancien joueur de Chelsea et du Real Madrid y interviendra comme speaker avec une conf\u00e9rence au titre \u00e9vocateur : \u00ab\u00a0Under Pressure, Choose Freedom: Eden Hazard on Mindset from the Pitch to the Boardroom\u00a0\u00bb. En clair : comment g\u00e9rer la pression et l&rsquo;\u00e9tat d&rsquo;esprit, du terrain de football jusqu&rsquo;\u00e0 la salle de conseil.<\/p>\n<p>Pour acc\u00e9der \u00e0 cet article, veuillez vous connecter au r\u00e9seau internet.<\/p>\n","protected":false},"excerpt":{"rendered":"Eden Hazard n&rsquo;a pas fini de faire parler de lui, m\u00eame apr\u00e8s avoir rang\u00e9 ses crampons. L&rsquo;ancien Diable&hellip;\n","protected":false},"author":2,"featured_media":239904,"comment_status":"","ping_status":"","sticky":false,"template":"","format":"standard","meta":{"footnotes":"","_share_on_mastodon":"0"},"categories":[81],"tags":[15327,12,13,18,17,74582,200,74583,19348,73114,211,946,84,74584],"class_list":["post-239903","post","type-post","status-publish","format-standard","has-post-thumbnail","category-sports","tag-bank","tag-be","tag-be-fr","tag-belgique","tag-belgium","tag-brand-name","tag-company","tag-corporate-identity","tag-deserted","tag-information-sign","tag-logo","tag-sign","tag-sports","tag-trademark"],"share_on_mastodon":{"url":"https:\/\/pubeurope.com\/@be_fr\/117216934837048202","error":""},"_links":{"self":[{"href":"https:\/\/www.europesays.com\/be-fr\/wp-json\/wp\/v2\/posts\/239903","targetHints":{"allow":["GET"]}}],"collection":[{"href":"https:\/\/www.europesays.com\/be-fr\/wp-json\/wp\/v2\/posts"}],"about":[{"href":"https:\/\/www.europesays.com\/be-fr\/wp-json\/wp\/v2\/types\/post"}],"author":[{"embeddable":true,"href":"https:\/\/www.europesays.com\/be-fr\/wp-json\/wp\/v2\/users\/2"}],"replies":[{"embeddable":true,"href":"https:\/\/www.europesays.com\/be-fr\/wp-json\/wp\/v2\/comments?post=239903"}],"version-history":[{"count":0,"href":"https:\/\/www.europesays.com\/be-fr\/wp-json\/wp\/v2\/posts\/239903\/revisions"}],"wp:featuredmedia":[{"embeddable":true,"href":"https:\/\/www.europesays.com\/be-fr\/wp-json\/wp\/v2\/media\/239904"}],"wp:attachment":[{"href":"https:\/\/www.europesays.com\/be-fr\/wp-json\/wp\/v2\/media?parent=239903"}],"wp:term":[{"taxonomy":"category","embeddable":true,"href":"https:\/\/www.europesays.com\/be-fr\/wp-json\/wp\/v2\/categories?post=239903"},{"taxonomy":"post_tag","embeddable":true,"href":"https:\/\/www.europesays.com\/be-fr\/wp-json\/wp\/v2\/tags?post=239903"}],"curies":[{"name":"wp","href":"https:\/\/api.w.org\/{rel}","templated":true}]}}