{"id":239911,"date":"2026-09-05T06:22:15","date_gmt":"2026-09-05T06:22:15","guid":{"rendered":"https:\/\/www.europesays.com\/be-fr\/239911\/"},"modified":"2026-09-05T06:22:15","modified_gmt":"2026-09-05T06:22:15","slug":"emma-meesseman-on-na-pas-le-temps-de-grandir-dans-ce-tournoi","status":"publish","type":"post","link":"https:\/\/www.europesays.com\/be-fr\/239911\/","title":{"rendered":"Emma Meesseman: \u00ab\u00a0On n&rsquo;a pas le temps de grandir dans ce tournoi\u00a0\u00bb"},"content":{"rendered":"<p class=\"ap-StoryElement ap-StoryElement--mb ap-StoryText\">Le d\u00e9clic est notamment venu de la d\u00e9fense. Apr\u00e8s la pause, les Belges ont affich\u00e9 davantage d&rsquo;agressivit\u00e9 dans ce secteur. \u00ab\u00a0Nous avons d\u00fb nous adapter un peu pour \u00eatre plus agressives et retrouver un meilleur rythme offensivement. Le basket est un sport o\u00f9 les deux \u00e9quipes doivent constamment s&rsquo;adapter au cours d&rsquo;un match. Je pense que nous avons fait les bons ajustements.\u00a0\u00bb<\/p>\n<p><a href=\"https:\/\/www.dhnet.be\/sports\/basket\/2026\/09\/04\/depart-reussi-pour-les-belgian-cats-au-mondial-meesseman-et-vanloo-remettent-la-fusee-belge-sur-orbite-J6HNUCDMINH7HHYDTTETNTXFZI\/\" target=\"_self\" class=\"ap-StoryInterstitialLink ap-StoryElement ap-StoryElement--mb\" rel=\"nofollow noopener\">D\u00e9part r\u00e9ussi pour les Belgian Cats au Mondial : Meesseman et Vanloo remettent la fus\u00e9e belge sur orbite<\/a><\/p>\n<p class=\"ap-StoryElement ap-StoryElement--mb ap-StoryText\">Puis la machine belge s&rsquo;est emball\u00e9e et la force collective des Cats a jailli \u00e0 nouveau. \u00ab\u00a0C&rsquo;est tr\u00e8s rare. J&rsquo;ai jou\u00e9 dans beaucoup d&rsquo;\u00e9quipes, de tr\u00e8s bonnes \u00e9quipes, mais savoir presque aveugl\u00e9ment o\u00f9 se trouve l&rsquo;autre, presque le ressentir\u2026 C&rsquo;est tr\u00e8s sp\u00e9cial. C&rsquo;est tr\u00e8s difficile \u00e0 recr\u00e9er dans une autre \u00e9quipe, avec d&rsquo;autres personnes, parce que nous sommes ensemble depuis tellement longtemps. Je joue avec certaines d&rsquo;entre elles depuis que j&rsquo;ai 13 ou 14 ans. Je suis donc tr\u00e8s heureuse de faire partie de cette \u00e9quipe.\u00a0\u00bb<\/p>\n<p>guillement<\/p>\n<p class=\"ap-StoryQuote-text\">Je suis tr\u00e8s heureuse pour Julie.<\/p>\n<p class=\"ap-StoryElement ap-StoryElement--mb ap-StoryText\">La capitaine belge avait aussi un petit mot pour Julie Vanloo, touch\u00e9e par le deuil \u00e0 la suite du d\u00e9c\u00e8s de son parrain en d\u00e9but de semaine. Une triste nouvelle qui ne l&rsquo;a pas emp\u00each\u00e9e d&rsquo;inscrire des tirs tr\u00e8s importants. \u00ab\u00a0On savait que c&rsquo;\u00e9tait une p\u00e9riode tr\u00e8s difficile pour elle. Pour qu&rsquo;elle soit capable de faire \u00e7a, il faut \u00eatre fort mentalement. Je suis simplement tr\u00e8s heureuse pour elle. Elle sait qu&rsquo;on la soutient dans tout ce qu&rsquo;elle fait. C&rsquo;est juste merveilleux de la voir sourire \u00e0 nouveau sur le terrain.\u00a0\u00bb<\/p>\n<p class=\"ap-StoryElement ap-StoryElement--mb ap-StoryText\">Autre image forte de cette soir\u00e9e berlinoise : le soutien massif du public belge. Des centaines, voire des milliers de supporters avaient fait le d\u00e9placement pour pousser les Cats. Et l&rsquo;habituel \u00ab\u00a0clapping\u00a0\u00bb d&rsquo;apr\u00e8s-match a r\u00e9sonn\u00e9 fort. \u00ab\u00a0On se souvient de l&rsquo;\u00e9poque o\u00f9 les salles \u00e9taient vides, avant m\u00eame qu&rsquo;on participe \u00e0 des tournois en Belgique. Aujourd&rsquo;hui, pouvoir remplir des salles comme celle-ci, \u00e0 Berlin, \u00e0 autant de kilom\u00e8tres de la Belgique, c&rsquo;est vraiment sp\u00e9cial. J&rsquo;esp\u00e8re ne jamais oublier cette sensation. C&rsquo;est tellement motivant, \u00e7a donne vraiment des frissons.\u00a0\u00bb<\/p>\n","protected":false},"excerpt":{"rendered":"Le d\u00e9clic est notamment venu de la d\u00e9fense. Apr\u00e8s la pause, les Belges ont affich\u00e9 davantage d&rsquo;agressivit\u00e9 dans&hellip;\n","protected":false},"author":2,"featured_media":239912,"comment_status":"","ping_status":"","sticky":false,"template":"","format":"standard","meta":{"footnotes":"","_share_on_mastodon":"0"},"categories":[81],"tags":[2821,41,629,3801,12,13,74090,1526,18,17,24213,23101,2828,12721,1936,74600,74601,4511,74602,894,369,84,74603,12092,25396,32054,39211,1740,2861,2265,1549,23108,74604,2266,4080,13984],"class_list":["post-239911","post","type-post","status-publish","format-standard","has-post-thumbnail","category-sports","tag-vkalut","tag-41","tag-allemagne","tag-basketball","tag-be","tag-be-fr","tag-belgian-cats","tag-belgie","tag-belgique","tag-belgium","tag-berlin","tag-coupe-du-monde","tag-cup","tag-duitsland","tag-femmes","tag-fiba","tag-fibawwc","tag-germany","tag-germany-2026","tag-match","tag-sport","tag-sports","tag-toernooi","tag-tournament","tag-tournoi","tag-turkije","tag-turkiye","tag-turquie","tag-vincent-kalut","tag-vrouwen","tag-wedstrijd","tag-wereldbeker","tag-wk-toernooi","tag-women","tag-world","tag-world-cup"],"share_on_mastodon":{"url":"https:\/\/pubeurope.com\/@be_fr\/117216997622802650","error":""},"_links":{"self":[{"href":"https:\/\/www.europesays.com\/be-fr\/wp-json\/wp\/v2\/posts\/239911","targetHints":{"allow":["GET"]}}],"collection":[{"href":"https:\/\/www.europesays.com\/be-fr\/wp-json\/wp\/v2\/posts"}],"about":[{"href":"https:\/\/www.europesays.com\/be-fr\/wp-json\/wp\/v2\/types\/post"}],"author":[{"embeddable":true,"href":"https:\/\/www.europesays.com\/be-fr\/wp-json\/wp\/v2\/users\/2"}],"replies":[{"embeddable":true,"href":"https:\/\/www.europesays.com\/be-fr\/wp-json\/wp\/v2\/comments?post=239911"}],"version-history":[{"count":0,"href":"https:\/\/www.europesays.com\/be-fr\/wp-json\/wp\/v2\/posts\/239911\/revisions"}],"wp:featuredmedia":[{"embeddable":true,"href":"https:\/\/www.europesays.com\/be-fr\/wp-json\/wp\/v2\/media\/239912"}],"wp:attachment":[{"href":"https:\/\/www.europesays.com\/be-fr\/wp-json\/wp\/v2\/media?parent=239911"}],"wp:term":[{"taxonomy":"category","embeddable":true,"href":"https:\/\/www.europesays.com\/be-fr\/wp-json\/wp\/v2\/categories?post=239911"},{"taxonomy":"post_tag","embeddable":true,"href":"https:\/\/www.europesays.com\/be-fr\/wp-json\/wp\/v2\/tags?post=239911"}],"curies":[{"name":"wp","href":"https:\/\/api.w.org\/{rel}","templated":true}]}}