{"id":239917,"date":"2026-09-05T06:30:15","date_gmt":"2026-09-05T06:30:15","guid":{"rendered":"https:\/\/www.europesays.com\/be-fr\/239917\/"},"modified":"2026-09-05T06:30:15","modified_gmt":"2026-09-05T06:30:15","slug":"television-ewann-jeune-rocker-iserois-participe-a-the-voice-kids-jetais-comme-un-fou-le-dauphine-libere","status":"publish","type":"post","link":"https:\/\/www.europesays.com\/be-fr\/239917\/","title":{"rendered":"T\u00e9l\u00e9vision. Ewann, jeune rocker is\u00e9rois, participe \u00e0 \u201cThe Voice Kids\u201d : \u00ab J\u2019\u00e9tais comme un fou \u00bb &#8211; Le Dauphin\u00e9 Lib\u00e9r\u00e9"},"content":{"rendered":"<p><a href=\"https:\/\/news.google.com\/rss\/articles\/CBMi0wFBVV95cUxNSnNKbFZfNG9PNWhabm9MT2Q0SWtDM19xMy1FTDliNnAwQlVtUDg3NUpXVGl6a2pCTU1oQWhKMkRVRlVsZmhqeVBZZnoydXJOR1o1S09zcF85QkxpTW1YQmtvTHR0VHFCQzVZLXpOX3lDcUZZLUZjaWZUUzJMbWNMYzkzY2xVT2NpakdpUV9uQUdiU1ZlOF85a0VkYzJ1R1B4NFlIU0FkNnVDRjB6UW1udjZFQUhVc0k2ZVAxUEFqOVltRlBqYnQwb0E2WHVmVG5tcTZB?oc=5\" target=\"_blank\" rel=\"nofollow noopener\">T\u00e9l\u00e9vision. Ewann, jeune rocker is\u00e9rois, participe \u00e0 \u201cThe Voice Kids\u201d : \u00ab J\u2019\u00e9tais comme un fou \u00bb<\/a>&nbsp;&nbsp;Le Dauphin\u00e9 Lib\u00e9r\u00e9<a href=\"https:\/\/news.google.com\/rss\/articles\/CBMirAFBVV95cUxNWkhOQjdPbW1FbmV1Q0xwelZkMUJ4aXdhWHpGMF9ZUnB5UnJvN1ZZXzIyanhqRG5LRExucGUtWlViNEIwU29sUHFHa3pyR0I2Zk0ybzlmaEFpMGljTFlNQm43LVozR25RZENGb0U1TktzaFp1V2JmMHNORUtZQkt5Ry1xQWI0RzZKb0NEejdiT1ZRZkdsNW5zbGxMNW5rdUtiSEM2ZDN1UlV5WkF2?oc=5\" target=\"_blank\" rel=\"nofollow noopener\">Ain. Avant l&rsquo;Eurovision, le Bressan Alec Burette tente sa chance \u00e0 The Voice Kids<\/a>&nbsp;&nbsp;Le Progr\u00e8s<a href=\"https:\/\/news.google.com\/rss\/articles\/CBMi5gFBVV95cUxQQWZrNDI1U1B4T202ZGoyYWtNcE9nSjBpZDdUX1VTR0ZBVFVfQmNEMXNtVnlYYXJTWmd0Yk03RDFZcTBaS3l5MHA2YjRUdVg5X1BOeEVfNk5xSVdTODl4SFFZRzlJQW54aldlT0xMMnMydTNVcG9paE5wbjZPaUd4VlhZR0ZZc0MtMjBuMlJSb0dQTDNsY3Viam9aX0F1OHMtMkVMa0JiT3NKNlAwbGVDaXBjMHQ1MzVDR2ttbDJtLWhJZmlFRllqcjF1SE9tbTZLdVhVeVdtSU1YUW8xNFA4VWhteW03Zw?oc=5\" target=\"_blank\" rel=\"nofollow noopener\">Qui est le repr\u00e9sentant fran\u00e7ais \u00e0 l\u2019Eurovision Junior que l\u2019on peut voir dans The Voice Kids ce samedi ?<\/a>&nbsp;&nbsp;Gala<a href=\"https:\/\/news.google.com\/rss\/articles\/CBMi5AFBVV95cUxNZnNGbWpyLWFpZV9hNHp5cV9kaTdVUVYxWERlTlZVdTlvZEs5TGx2YUZFR1dSRlZ5Rk9OajJsaGMzVlB6OXlvRTJFQmdwdHdDY2dmS1JXeFFPVTBQSDluTndLcTBFdzZwSlRval9tMTFIcmh3clBRR0xqSFk1UWlBT3M5NTR5Q3ZCckxVeXR6Sy1RbzJDUmJQR3hNMnk4Z3Bwc0pCM2ZIRlBEV2hWdV9QTHlTdmZQSFd5NDBIMEctZ0NveG9nTUhoWDA1eGJuNkxaVzBoSWlxTDRBZ2F4a3dIZ2JnRGY?oc=5\" target=\"_blank\" rel=\"nofollow noopener\">The Voice Kids : Alec, le repr\u00e9sentant de la France \u00e0 l\u2019Eurovision Junior 2026, tente sa chance ce samedi soir !<\/a>&nbsp;&nbsp;programme-tv.net<a href=\"https:\/\/news.google.com\/rss\/articles\/CBMipwFBVV95cUxORTNTLXE0UXltWkNPeTdJM1FjbEw1YV95U3haTW5WeWNjVk5qQzBfY19NbGNBSU0wZDNqVjFqeGJDR243dHg0cEsxWW85R2VBb1dnYTh0SnZOa3VGbnpJMlVEamRodUlGNC1FNWhYaXNadVJaRWN2OW5mdkVhclEydUszUE5MWVZlOXAtV3FpYnh4N2lpaTE3SFlvWkFaWkdKN0ZiQXFJQQ?oc=5\" target=\"_blank\" rel=\"nofollow noopener\">Avant l&rsquo;Eurovision Junior, Alec passe par l&rsquo;\u00e9tape The Voice Kids<\/a>&nbsp;&nbsp;Radio SCOOP<\/p>\n","protected":false},"excerpt":{"rendered":"T\u00e9l\u00e9vision. Ewann, jeune rocker is\u00e9rois, participe \u00e0 \u201cThe Voice Kids\u201d : \u00ab J\u2019\u00e9tais comme un fou \u00bb&nbsp;&nbsp;Le Dauphin\u00e9&hellip;\n","protected":false},"author":2,"featured_media":239918,"comment_status":"","ping_status":"","sticky":false,"template":"","format":"standard","meta":{"footnotes":"","_share_on_mastodon":"0"},"categories":[99],"tags":[12,13,18,17,287,96,3493,743,5803,95,288,744,74605,108,738,46427,112,1484],"class_list":["post-239917","post","type-post","status-publish","format-standard","has-post-thumbnail","category-television","tag-be","tag-be-fr","tag-belgique","tag-belgium","tag-culture-loisirs","tag-divertissement","tag-edition-grenoble-agglomeration","tag-edition-gresivaudan-oisans","tag-edition-voiron-saint-marcellin","tag-entertainment","tag-fil-info","tag-isere","tag-lagglomeration-et-le-vercors","tag-musique","tag-selection-abonne","tag-seyssinet-pariset","tag-television","tag-television-medias"],"share_on_mastodon":{"url":"https:\/\/pubeurope.com\/@be_fr\/117217029419030467","error":""},"_links":{"self":[{"href":"https:\/\/www.europesays.com\/be-fr\/wp-json\/wp\/v2\/posts\/239917","targetHints":{"allow":["GET"]}}],"collection":[{"href":"https:\/\/www.europesays.com\/be-fr\/wp-json\/wp\/v2\/posts"}],"about":[{"href":"https:\/\/www.europesays.com\/be-fr\/wp-json\/wp\/v2\/types\/post"}],"author":[{"embeddable":true,"href":"https:\/\/www.europesays.com\/be-fr\/wp-json\/wp\/v2\/users\/2"}],"replies":[{"embeddable":true,"href":"https:\/\/www.europesays.com\/be-fr\/wp-json\/wp\/v2\/comments?post=239917"}],"version-history":[{"count":0,"href":"https:\/\/www.europesays.com\/be-fr\/wp-json\/wp\/v2\/posts\/239917\/revisions"}],"wp:featuredmedia":[{"embeddable":true,"href":"https:\/\/www.europesays.com\/be-fr\/wp-json\/wp\/v2\/media\/239918"}],"wp:attachment":[{"href":"https:\/\/www.europesays.com\/be-fr\/wp-json\/wp\/v2\/media?parent=239917"}],"wp:term":[{"taxonomy":"category","embeddable":true,"href":"https:\/\/www.europesays.com\/be-fr\/wp-json\/wp\/v2\/categories?post=239917"},{"taxonomy":"post_tag","embeddable":true,"href":"https:\/\/www.europesays.com\/be-fr\/wp-json\/wp\/v2\/tags?post=239917"}],"curies":[{"name":"wp","href":"https:\/\/api.w.org\/{rel}","templated":true}]}}