{"id":239941,"date":"2026-09-05T06:54:14","date_gmt":"2026-09-05T06:54:14","guid":{"rendered":"https:\/\/www.europesays.com\/be-fr\/239941\/"},"modified":"2026-09-05T06:54:14","modified_gmt":"2026-09-05T06:54:14","slug":"il-a-refait-sa-vie-il-sest-marie-il-a-un-enfant-moi-ma-vie-ne-sera-plus-jamais-la-meme-kelly-la-victime-de-midou-mouhli-raconte-les-sequelles-laissees-p","status":"publish","type":"post","link":"https:\/\/www.europesays.com\/be-fr\/239941\/","title":{"rendered":"\u00ab\u00a0Il a refait sa vie, il s\u2019est mari\u00e9, il a un enfant&#8230; Moi, ma vie ne sera plus jamais la m\u00eame\u00a0\u00bb\u00a0: Kelly, la victime de Midou Mouhli, raconte les s\u00e9quelles laiss\u00e9es par l\u2019agression \u00e0 l\u2019Aldi de Saint-Nicolas"},"content":{"rendered":"<p>  \t\u00ab\u00a0Ma dignit\u00e9 en a pris un coup\u00a0\u00bb\u00a0: Kelly raconte les s\u00e9quelles laiss\u00e9es par l\u2019agression<\/p>\n<p>Par A.B.<\/p>\n<p>Me Arnaud Jaminon a insist\u00e9 sur ce qui, selon lui, blesse encore davantage sa cliente\u00a0: \u00ab\u00a0La non-reconnaissance de son statut de victime\u00a0\u00bb. \u00ab\u00a0Le pr\u00e9venu reconna\u00eet une gifle et explique qu\u2019ensuite, comme elle \u00e9tait \u00e9nerv\u00e9e, il l\u2019a mise au sol pour la calmer. Mais elle, elle a quitt\u00e9 son travail en ambulance avec une minerve\u00a0\u00bb, a-t-il rappel\u00e9. L\u2019avocat d\u00e9nonce aussi \u00ab\u00a0un sentiment de toute-puissance compl\u00e8tement stup\u00e9fiant et d\u00e9sagr\u00e9able\u00a0\u00bb, soulignant que Mohamed Mouhli s\u2019\u00e9tait rendu sur le lieu de travail de Kelly alors qu\u2019il \u00e9tait lui-m\u00eame engag\u00e9 dans une relation extraconjugale qu\u2019il n\u2019assumait pas.<\/p>\n<p>Kelly a eu la parole en dernier. \u00ab\u00a0Cela fait trois ans qu\u2019il a refait sa vie, qu\u2019il est mari\u00e9 et qu\u2019il a un enfant. Moi, mes relations ne seront plus jamais les m\u00eames. Ma dignit\u00e9 en a pris un coup.\u00a0\u00bb Elle dit aussi souffrir d\u2019avoir \u00e9t\u00e9 pr\u00e9sent\u00e9e comme \u00ab\u00a0une fille de coup d\u2019un soir\u00a0\u00bb. \u00ab\u00a0J\u2019ai une famille. C\u2019est tr\u00e8s dur \u00e0 porter. Et entendre encore aujourd\u2019hui que je veux charger la barque, c\u2019est extr\u00eamement douloureux.\u00a0Maintenant, je veux que tout se termine pour pouvoir d\u00e9finitivement passer \u00e0 autre chose\u2026\u00a0\u00bb<\/p>\n","protected":false},"excerpt":{"rendered":"\u00ab\u00a0Ma dignit\u00e9 en a pris un coup\u00a0\u00bb\u00a0: Kelly raconte les s\u00e9quelles laiss\u00e9es par l\u2019agression Par A.B. Me Arnaud&hellip;\n","protected":false},"author":2,"featured_media":239942,"comment_status":"","ping_status":"","sticky":false,"template":"","format":"standard","meta":{"footnotes":"","_share_on_mastodon":"0"},"categories":[2],"tags":[4568,1474,12,13,18,17,705,4573,40701,74609,9973,11727,74607,74608,25146,74066,32803,44894,3820],"class_list":["post-239941","post","type-post","status-publish","format-standard","has-post-thumbnail","category-belgique","tag-il","tag-agression","tag-be","tag-be-fr","tag-belgique","tag-belgium","tag-enfant","tag-jamais","tag-kelly","tag-laissees","tag-marie","tag-meme","tag-midou","tag-mouhli","tag-raconte","tag-refait","tag-saint-nicolas","tag-sequelles","tag-victime"],"share_on_mastodon":{"url":"https:\/\/pubeurope.com\/@be_fr\/117217124090809368","error":""},"_links":{"self":[{"href":"https:\/\/www.europesays.com\/be-fr\/wp-json\/wp\/v2\/posts\/239941","targetHints":{"allow":["GET"]}}],"collection":[{"href":"https:\/\/www.europesays.com\/be-fr\/wp-json\/wp\/v2\/posts"}],"about":[{"href":"https:\/\/www.europesays.com\/be-fr\/wp-json\/wp\/v2\/types\/post"}],"author":[{"embeddable":true,"href":"https:\/\/www.europesays.com\/be-fr\/wp-json\/wp\/v2\/users\/2"}],"replies":[{"embeddable":true,"href":"https:\/\/www.europesays.com\/be-fr\/wp-json\/wp\/v2\/comments?post=239941"}],"version-history":[{"count":0,"href":"https:\/\/www.europesays.com\/be-fr\/wp-json\/wp\/v2\/posts\/239941\/revisions"}],"wp:featuredmedia":[{"embeddable":true,"href":"https:\/\/www.europesays.com\/be-fr\/wp-json\/wp\/v2\/media\/239942"}],"wp:attachment":[{"href":"https:\/\/www.europesays.com\/be-fr\/wp-json\/wp\/v2\/media?parent=239941"}],"wp:term":[{"taxonomy":"category","embeddable":true,"href":"https:\/\/www.europesays.com\/be-fr\/wp-json\/wp\/v2\/categories?post=239941"},{"taxonomy":"post_tag","embeddable":true,"href":"https:\/\/www.europesays.com\/be-fr\/wp-json\/wp\/v2\/tags?post=239941"}],"curies":[{"name":"wp","href":"https:\/\/api.w.org\/{rel}","templated":true}]}}