{"id":239959,"date":"2026-09-05T07:07:22","date_gmt":"2026-09-05T07:07:22","guid":{"rendered":"https:\/\/www.europesays.com\/be-fr\/239959\/"},"modified":"2026-09-05T07:07:22","modified_gmt":"2026-09-05T07:07:22","slug":"cocaine-dans-le-port-danvers-bill-white-encense-un-responsable-socialiste-avec-un-message-frontal-a-legard-de-bart-de-wever","status":"publish","type":"post","link":"https:\/\/www.europesays.com\/be-fr\/239959\/","title":{"rendered":"Coca\u00efne dans le port d&rsquo;Anvers\u00a0: Bill White \u00ab\u00a0encense un responsable socialiste\u00a0\u00bb avec un message \u00ab\u00a0frontal \u00e0 l&rsquo;\u00e9gard de Bart De Wever\u00a0\u00bb"},"content":{"rendered":"<p class=\"ap-StoryElement ap-StoryElement--mb ap-StoryText\">Que l&rsquo;ambassadeur, proche de Donald Trump, valide ainsi le propos d&rsquo;un socialiste a de quoi surprendre. Dans le pass\u00e9, Trump avait qualifi\u00e9 Bruxelles de \u00ab\u00a0trou \u00e0 rats\u00a0\u00bb. Son repr\u00e9sentant s&rsquo;\u00e9tait jusqu&rsquo;\u00e0 pr\u00e9sent plut\u00f4t montr\u00e9 \u00e9logieux envers le MR et la N-VA mais tr\u00e8s critique \u00e0 l&rsquo;\u00e9gard des socialistes. Surpris, Thomas Dermine, bourgmestre PS de Charleroi, a m\u00eame retweet\u00e9 son message. \u00ab\u00a0C&rsquo;est la premi\u00e8re fois que Bill White, tr\u00e8s conservateur et pro-MAGA, encense un responsable socialiste\u00a0\u00bb, nous explique-t-il.<\/p>\n<p><a href=\"https:\/\/www.dhnet.be\/actu\/belgique\/2026\/03\/28\/bill-white-je-ne-suis-pas-votre-diplomate-habituel-je-suis-un-homme-daffaires-et-je-suis-la-pour-faire-du-business-2QTXGBCCT5G4HAA4YWYLIN74SE\/\" target=\"_self\" class=\"ap-StoryInterstitialLink ap-StoryElement ap-StoryElement--mb\" rel=\"nofollow noopener\">Bill White: \u00ab\u00a0Bart De Wever est un excellent Premier ministre\u00a0\u00bb<\/a>Anvers point\u00e9e du doigt<\/p>\n<p class=\"ap-StoryElement ap-StoryElement--mb ap-StoryText\">Cette s\u00e9quence s&rsquo;inscrit dans une guerre du narcotrafic o\u00f9 les camps politiques se renvoient la balle en permanence. Les bourgmestres PS des communes les plus touch\u00e9es (Saint-Gilles, Anderlecht, Bruxelles-Ville, Charleroi) accusent le f\u00e9d\u00e9ral de ne pas lib\u00e9rer assez de moyens et pointent du doigt Anvers, ville dont le Premier ministre Bart De Wever fut bourgmestre pendant treize ans.<\/p>\n<p class=\"ap-StoryElement ap-StoryElement--mb ap-StoryText\">En appuyant Philippe Close, l&rsquo;ambassadeur tient donc, selon Thomas Dermine, un propos \u00ab\u00a0assez frontal \u00e0 l&rsquo;\u00e9gard de Bart De Wever\u00a0\u00bb. \u00ab\u00a0L&rsquo;\u00e9chec d&rsquo;Anvers est aussi celui de Bart De Wever\u00a0\u00bb, pr\u00e9cise-t-il. \u00ab\u00a0Comme bourgmestre, il n&rsquo;aurait peut-\u00eatre pas pu r\u00e9soudre le probl\u00e8me, mais maintenant qu&rsquo;il est au f\u00e9d\u00e9ral, il doit se saisir de cette urgence nationale.\u00a0\u00bb<\/p>\n<p><a href=\"https:\/\/www.dhnet.be\/actu\/belgique\/2026\/08\/29\/pourquoi-donald-trump-adore-t-il-la-belgique-les-revelations-de-bill-white-QYERNFFVIFGLFMSRAIPG6B36D4\/\" target=\"_self\" class=\"ap-StoryInterstitialLink ap-StoryElement ap-StoryElement--mb\" rel=\"nofollow noopener\">Pourquoi Donald Trump \u00ab\u00a0adore\u00a0\u00bb-t-il la Belgique? Les r\u00e9v\u00e9lations de Bill White<\/a>Chiffres de saisie<\/p>\n<p class=\"ap-StoryElement ap-StoryElement--mb ap-StoryText\">Sur le fond, les chiffres donnent plut\u00f4t raison \u00e0 l&rsquo;ambassadeur. En 2023, les saisies au port d&rsquo;Anvers (116 tonnes) d\u00e9passaient largement celles enregistr\u00e9es \u00e0 l&rsquo;ensemble des fronti\u00e8res am\u00e9ricaines (36,8 tonnes). La comparaison a n\u00e9anmoins ses limites puisqu&rsquo;elle omet les 231 tonnes intercept\u00e9es en haute mer par les gardes-c\u00f4tes am\u00e9ricains en 2025 et qu&rsquo;elle ne s&rsquo;appuie que sur les chiffres de saisie.<\/p>\n<p class=\"ap-StoryElement ap-StoryElement--mb ap-StoryText\">\u00ab\u00a0Le vrai probl\u00e8me, ce sont les flux de coca\u00efne d&rsquo;Am\u00e9rique du Sud vers l&rsquo;Europe\u00a0\u00bb, insiste Dermine, pour qui \u00ab\u00a0Anvers est aujourd&rsquo;hui un point faible \u00e0 l&rsquo;\u00e9chelle europ\u00e9enne.\u00a0\u00bb<\/p>\n<p><img loading=\"lazy\" decoding=\"async\" class=\"w-full lazyload lazyload--opacity object-contain\" style=\"aspect-ratio:133 \/ 100;opacity:1\" alt=\"CHARLEROI, BELGIUM - SEPTEMBER 03 : Official visit by Minister Theo Francken (Minister for Defense (N-VA)) to Charleroi and symbolic signing of the Master Plan for the Neighborhood of the Future with Thomas Dermine (Mayor of Charleroi) on September 3, 2025 in Charleroi, Belgium, 03\/09\/2025 ( Photo by Didier Lebrun \/ Photonews\" width=\"768\" height=\"576\" fetchpriority=\"auto\" src=\"https:\/\/www.europesays.com\/be-fr\/wp-content\/uploads\/2026\/09\/1788592040_972_S5VKD3X55FFF3BW6V4SEHXNP7I.png\"  data- data-optimumx=\"1\"\/><img loading=\"lazy\" decoding=\"async\" src=\"https:\/\/www.europesays.com\/be-fr\/wp-content\/uploads\/2026\/09\/736263EJGZD7NETOGE54APQ7IE.JPG\" width=\"768\" height=\"576\" alt=\"CHARLEROI, BELGIUM - SEPTEMBER 03 : Official visit by Minister Theo Francken (Minister for Defense (N-VA)) to Charleroi and symbolic signing of the Master Plan for the Neighborhood of the Future with Thomas Dermine (Mayor of Charleroi) on September 3, 2025 in Charleroi, Belgium, 03\/09\/2025 ( Photo by Didier Lebrun \/ Photonews\" class=\"absolute inset-0 w-full\"\/>Thomas Dermine a \u00e9t\u00e9 agr\u00e9ablement surpris par la sortie de Bill White \u00a9DLE<\/p>\n<p class=\"ap-StoryElement ap-StoryElement--mb ap-StoryText\">Le bourgmestre socialiste d\u00e9plore que seuls 5 % des conteneurs y soient contr\u00f4l\u00e9s, avec dix fois moins de policiers qu&rsquo;\u00e0 Rotterdam. Ce manque de fermet\u00e9 du gouvernement f\u00e9d\u00e9ral viendrait, selon lui, de la volont\u00e9 des responsables anversois de ne pas freiner les flux commerciaux. Le ministre des Douanes Jan Jambon (N-VA) et la ministre de la Justice Annelies Verlinden (CD &amp; V) sont anversois, tout comme Bart De Wever.<\/p>\n<p class=\"ap-StoryElement ap-StoryElement--mb ap-StoryText\">D&rsquo;o\u00f9 cette question de Thomas Dermine : \u00ab\u00a0On peut se demander s&rsquo;il n&rsquo;existe pas une forme d'\u00a0\u00bbAntwerp connection\u00a0\u00bb qui ferait que les int\u00e9r\u00eats du port disposent d&rsquo;une oreille particuli\u00e8rement attentive au niveau f\u00e9d\u00e9ral.\u00a0\u00bb<\/p>\n","protected":false},"excerpt":{"rendered":"Que l&rsquo;ambassadeur, proche de Donald Trump, valide ainsi le propos d&rsquo;un socialiste a de quoi surprendre. Dans le&hellip;\n","protected":false},"author":2,"featured_media":239960,"comment_status":"","ping_status":"","sticky":false,"template":"","format":"standard","meta":{"footnotes":"","_share_on_mastodon":"0"},"categories":[2],"tags":[2230,868,5684,12,13,18,17,143,2234,1258,2235,16008,12183,61024,40537,41168,4486,41169,61025,41172],"class_list":["post-239959","post","type-post","status-publish","format-standard","has-post-thumbnail","category-belgique","tag-didelebrun-n-va","tag-868","tag-armee","tag-be","tag-be-fr","tag-belgique","tag-belgium","tag-charleroi","tag-defense","tag-defensie","tag-didier-lebrun","tag-drapeau","tag-leger","tag-master-plan-du-quartier-du-futur","tag-masterplan","tag-ondertekening","tag-ps","tag-signature","tag-van-de-wijk-van-de-toekomst","tag-vlag"],"share_on_mastodon":{"url":"https:\/\/pubeurope.com\/@be_fr\/117217175117929612","error":""},"_links":{"self":[{"href":"https:\/\/www.europesays.com\/be-fr\/wp-json\/wp\/v2\/posts\/239959","targetHints":{"allow":["GET"]}}],"collection":[{"href":"https:\/\/www.europesays.com\/be-fr\/wp-json\/wp\/v2\/posts"}],"about":[{"href":"https:\/\/www.europesays.com\/be-fr\/wp-json\/wp\/v2\/types\/post"}],"author":[{"embeddable":true,"href":"https:\/\/www.europesays.com\/be-fr\/wp-json\/wp\/v2\/users\/2"}],"replies":[{"embeddable":true,"href":"https:\/\/www.europesays.com\/be-fr\/wp-json\/wp\/v2\/comments?post=239959"}],"version-history":[{"count":0,"href":"https:\/\/www.europesays.com\/be-fr\/wp-json\/wp\/v2\/posts\/239959\/revisions"}],"wp:featuredmedia":[{"embeddable":true,"href":"https:\/\/www.europesays.com\/be-fr\/wp-json\/wp\/v2\/media\/239960"}],"wp:attachment":[{"href":"https:\/\/www.europesays.com\/be-fr\/wp-json\/wp\/v2\/media?parent=239959"}],"wp:term":[{"taxonomy":"category","embeddable":true,"href":"https:\/\/www.europesays.com\/be-fr\/wp-json\/wp\/v2\/categories?post=239959"},{"taxonomy":"post_tag","embeddable":true,"href":"https:\/\/www.europesays.com\/be-fr\/wp-json\/wp\/v2\/tags?post=239959"}],"curies":[{"name":"wp","href":"https:\/\/api.w.org\/{rel}","templated":true}]}}