{"id":239961,"date":"2026-09-05T07:08:24","date_gmt":"2026-09-05T07:08:24","guid":{"rendered":"https:\/\/www.europesays.com\/be-fr\/239961\/"},"modified":"2026-09-05T07:08:24","modified_gmt":"2026-09-05T07:08:24","slug":"pour-donald-trump-la-guerre-en-iran-cest-de-la-gnognotte","status":"publish","type":"post","link":"https:\/\/www.europesays.com\/be-fr\/239961\/","title":{"rendered":"Pour Donald Trump, la guerre en Iran \u00ab\u00a0c&rsquo;est de la gnognotte\u00a0\u00bb"},"content":{"rendered":"<p class=\"ap-StoryElement ap-StoryElement--mb ap-StoryText\">Apr\u00e8s un mois d&rsquo;accalmie,<a href=\"https:\/\/www.lalibre.be\/international\/amerique\/2026\/08\/30\/les-etats-unis-ont-mene-de-nouvelles-frappes-en-iran-les-premieres-en-un-mois-65NNVHSRPNCYTLZQMPBVNKJXEU\/\" target=\"_self\" rel=\"nofollow noopener\"> les affrontements entre Washington et T\u00e9h\u00e9ran ont repris dimanche<\/a> \u00e0 l&rsquo;initiative de l&rsquo;arm\u00e9e am\u00e9ricaine, qui a dit vouloir emp\u00eacher des roquettes charg\u00e9es de mines marines d&rsquo;\u00eatre tir\u00e9es dans le strat\u00e9gique d\u00e9troit d&rsquo;Ormuz.<\/p>\n<p><a href=\"https:\/\/www.lalibre.be\/international\/europe\/guerre-ukraine-russie\/2026\/09\/04\/laffirmation-de-donald-trump-sur-les-stocks-pratiquement-illimites-de-munitions-americaines-contestee-par-des-experts-cela-releve-de-la-fiction-3NYAL2TKQNEIJEOVYBS75GVAXI\/\" target=\"_self\" class=\"ap-StoryInterstitialLink ap-StoryElement ap-StoryElement--mb\" rel=\"nofollow noopener\">Une affirmation de Donald Trump sur les capacit\u00e9s militaires am\u00e9ricaines contest\u00e9e par des experts : \u00ab\u00a0Cela rel\u00e8ve de la fiction\u00a0\u00bb<\/a><\/p>\n<p class=\"ap-StoryElement ap-StoryElement--mb ap-StoryText\">T\u00e9h\u00e9ran a r\u00e9pondu en ciblant ses voisins du Golfe, comme depuis le d\u00e9but du conflit d\u00e9clench\u00e9 par une offensive am\u00e9ricano-isra\u00e9lienne fin f\u00e9vrier.<\/p>\n<p class=\"ap-StoryElement ap-StoryElement--mb ap-StoryText\">Alors que la<a href=\"https:\/\/www.lalibre.be\/economie\/2026\/03\/09\/flambee-historique-du-petrole-avec-des-cours-de-30-un-petit-prix-a-payer-selon-donald-trump-NIYH7EFGTZDDLI4OR4OB53YFM4\/\" target=\"_self\" rel=\"nofollow noopener\"> flamb\u00e9e des prix du carburant<\/a> li\u00e9e \u00e0 la guerre menace de co\u00fbter aux r\u00e9publicains de Donald Trump leur majorit\u00e9 au Congr\u00e8s lors des \u00e9lections de mi-mandat en novembre, son administration s&rsquo;efforce de minimiser le conflit.<\/p>\n<p class=\"ap-StoryElement ap-StoryElement--mb ap-StoryText\">Selon le pr\u00e9sident, les Etats-Unis m\u00e8nent des \u00ab\u00a0frappes ponctuelles\u00a0\u00bb, assurant \u00ab\u00a0ne pas \u00eatre actuellement en train de se battre\u00a0\u00bb.<\/p>\n<p class=\"ap-StoryElement ap-StoryElement--mb ap-StoryText\">Il a \u00e9galement affirm\u00e9 qu&rsquo;ils contr\u00f4laient le d\u00e9troit d&rsquo;Ormuz et avaient d\u00e9cim\u00e9 les forces arm\u00e9es iraniennes.<\/p>\n<p><a href=\"https:\/\/www.lalibre.be\/economie\/conjoncture\/2026\/09\/02\/g20-finance-un-seul-pays-refuse-laccord-sur-la-navigation-dans-le-detroit-dormuz-DXC7ER6O7FG3LNGKHRVFVPLPBY\/\" target=\"_self\" class=\"ap-StoryInterstitialLink ap-StoryElement ap-StoryElement--mb\" rel=\"nofollow noopener\">G20 Finance: un seul pays refuse l&rsquo;accord sur la navigation dans le d\u00e9troit d&rsquo;Ormuz<\/a><\/p>\n<p class=\"ap-StoryElement ap-StoryElement--mb ap-StoryText\">\u00ab\u00a0Ce que nous avons accompli est remarquable. Nous avons pris le contr\u00f4le du Venezuela et nous avons, pour l&rsquo;essentiel, pris le contr\u00f4le de l&rsquo;Iran\u00a0\u00bb, a-t-il d\u00e9clar\u00e9.<\/p>\n<p class=\"ap-StoryElement ap-StoryElement--mb ap-StoryText\">Interrog\u00e9 sur le terme \u00ab\u00a0gnognotte\u00a0\u00bb, alors que 18 militaires am\u00e9ricains ont trouv\u00e9 la mort dans ce conflit, Donald Trump, de plus en plus agac\u00e9, a compar\u00e9 la guerre en Iran \u00e0 celles men\u00e9es par les Etats-Unis au Vietnam et en Afghanistan.<\/p>\n<p class=\"ap-StoryElement ap-StoryElement--mb ap-StoryText\">\u00ab\u00a0Je ne pense pas que la mani\u00e8re dont on l&rsquo;appelle soit importante. Ce qui l&rsquo;est, c&rsquo;est que nous avons eu beaucoup de succ\u00e8s. Nous avons emp\u00each\u00e9 l&rsquo;Iran de se doter de l&rsquo;arme nucl\u00e9aire\u00a0\u00bb, a-t-il soutenu.<\/p>\n","protected":false},"excerpt":{"rendered":"Apr\u00e8s un mois d&rsquo;accalmie, les affrontements entre Washington et T\u00e9h\u00e9ran ont repris dimanche \u00e0 l&rsquo;initiative de l&rsquo;arm\u00e9e am\u00e9ricaine,&hellip;\n","protected":false},"author":2,"featured_media":239962,"comment_status":"","ping_status":"","sticky":false,"template":"","format":"standard","meta":{"footnotes":"","_share_on_mastodon":"0"},"categories":[8],"tags":[10,5684,12,13,18,17,34,2514,2208,6859,11,567],"class_list":["post-239961","post","type-post","status-publish","format-standard","has-post-thumbnail","category-actualites","tag-actualites","tag-armee","tag-be","tag-be-fr","tag-belgique","tag-belgium","tag-donald-trump","tag-guerre","tag-iran","tag-j-d-vance","tag-news","tag-usa"],"share_on_mastodon":{"url":"https:\/\/pubeurope.com\/@be_fr\/117217178611092338","error":""},"_links":{"self":[{"href":"https:\/\/www.europesays.com\/be-fr\/wp-json\/wp\/v2\/posts\/239961","targetHints":{"allow":["GET"]}}],"collection":[{"href":"https:\/\/www.europesays.com\/be-fr\/wp-json\/wp\/v2\/posts"}],"about":[{"href":"https:\/\/www.europesays.com\/be-fr\/wp-json\/wp\/v2\/types\/post"}],"author":[{"embeddable":true,"href":"https:\/\/www.europesays.com\/be-fr\/wp-json\/wp\/v2\/users\/2"}],"replies":[{"embeddable":true,"href":"https:\/\/www.europesays.com\/be-fr\/wp-json\/wp\/v2\/comments?post=239961"}],"version-history":[{"count":0,"href":"https:\/\/www.europesays.com\/be-fr\/wp-json\/wp\/v2\/posts\/239961\/revisions"}],"wp:featuredmedia":[{"embeddable":true,"href":"https:\/\/www.europesays.com\/be-fr\/wp-json\/wp\/v2\/media\/239962"}],"wp:attachment":[{"href":"https:\/\/www.europesays.com\/be-fr\/wp-json\/wp\/v2\/media?parent=239961"}],"wp:term":[{"taxonomy":"category","embeddable":true,"href":"https:\/\/www.europesays.com\/be-fr\/wp-json\/wp\/v2\/categories?post=239961"},{"taxonomy":"post_tag","embeddable":true,"href":"https:\/\/www.europesays.com\/be-fr\/wp-json\/wp\/v2\/tags?post=239961"}],"curies":[{"name":"wp","href":"https:\/\/api.w.org\/{rel}","templated":true}]}}