{"id":239977,"date":"2026-09-05T07:20:17","date_gmt":"2026-09-05T07:20:17","guid":{"rendered":"https:\/\/www.europesays.com\/be-fr\/239977\/"},"modified":"2026-09-05T07:20:17","modified_gmt":"2026-09-05T07:20:17","slug":"le-frere-de-liliane-vit-dans-la-rue-a-charleroi-et-veut-sortir-de-la-drogue-quand-il-donne-son-feu-vert-il-ne-peut-pas-attendre-15-jours","status":"publish","type":"post","link":"https:\/\/www.europesays.com\/be-fr\/239977\/","title":{"rendered":"Le fr\u00e8re de Liliane vit dans la rue \u00e0 Charleroi et veut sortir de la drogue\u00a0: \u00ab\u00a0Quand il donne son feu vert, il ne peut pas attendre 15 jours\u00a0\u00bb"},"content":{"rendered":"<p>Le fr\u00e8re de Liliane n\u2019a pas toujours v\u00e9cu dans la rue. Apr\u00e8s avoir pass\u00e9 une partie de sa vie \u00e0 l\u2019\u00e9tranger, il est revenu en Belgique lorsque sa famille y est elle-m\u00eame revenue. Il consommait d\u00e9j\u00e0 de la drogue, raconte sa s\u0153ur, mais conservait alors une vie plus stable.<\/p>\n<p>La situation s\u2019est ensuite d\u00e9grad\u00e9e. \u00ab\u00a0Il a d\u00fb quitter son logement et, \u00e0 partir du moment o\u00f9 il s\u2019est retrouv\u00e9 \u00e0 la rue, tout est devenu plus compliqu\u00e9 au niveau de son int\u00e9gration\u00a0\u00bb, explique la Manageoise. Son fr\u00e8re s\u2019est finalement retrouv\u00e9 \u00e0 Charleroi, o\u00f9 vit son p\u00e8re. \u00ab\u00a0C\u2019est l\u00e0 que la situation s\u2019est aggrav\u00e9e.\u00a0\u00bb<\/p>\n<p>\u00ab\u00a0Nous sommes d\u00e9munis\u00a0\u00bb<\/p>\n","protected":false},"excerpt":{"rendered":"Le fr\u00e8re de Liliane n\u2019a pas toujours v\u00e9cu dans la rue. Apr\u00e8s avoir pass\u00e9 une partie de sa&hellip;\n","protected":false},"author":2,"featured_media":239978,"comment_status":"","ping_status":"","sticky":false,"template":"","format":"standard","meta":{"footnotes":"","_share_on_mastodon":"0"},"categories":[2],"tags":[74619,12,13,18,17,143,6449,5144,7574,5218,74618,7651,7654],"class_list":["post-239977","post","type-post","status-publish","format-standard","has-post-thumbnail","category-belgique","tag-attendre","tag-be","tag-be-fr","tag-belgique","tag-belgium","tag-charleroi","tag-donne","tag-drogue","tag-frere","tag-jours","tag-liliane","tag-quand","tag-sortir"],"share_on_mastodon":{"url":"https:\/\/pubeurope.com\/@be_fr\/117217226095508049","error":""},"_links":{"self":[{"href":"https:\/\/www.europesays.com\/be-fr\/wp-json\/wp\/v2\/posts\/239977","targetHints":{"allow":["GET"]}}],"collection":[{"href":"https:\/\/www.europesays.com\/be-fr\/wp-json\/wp\/v2\/posts"}],"about":[{"href":"https:\/\/www.europesays.com\/be-fr\/wp-json\/wp\/v2\/types\/post"}],"author":[{"embeddable":true,"href":"https:\/\/www.europesays.com\/be-fr\/wp-json\/wp\/v2\/users\/2"}],"replies":[{"embeddable":true,"href":"https:\/\/www.europesays.com\/be-fr\/wp-json\/wp\/v2\/comments?post=239977"}],"version-history":[{"count":0,"href":"https:\/\/www.europesays.com\/be-fr\/wp-json\/wp\/v2\/posts\/239977\/revisions"}],"wp:featuredmedia":[{"embeddable":true,"href":"https:\/\/www.europesays.com\/be-fr\/wp-json\/wp\/v2\/media\/239978"}],"wp:attachment":[{"href":"https:\/\/www.europesays.com\/be-fr\/wp-json\/wp\/v2\/media?parent=239977"}],"wp:term":[{"taxonomy":"category","embeddable":true,"href":"https:\/\/www.europesays.com\/be-fr\/wp-json\/wp\/v2\/categories?post=239977"},{"taxonomy":"post_tag","embeddable":true,"href":"https:\/\/www.europesays.com\/be-fr\/wp-json\/wp\/v2\/tags?post=239977"}],"curies":[{"name":"wp","href":"https:\/\/api.w.org\/{rel}","templated":true}]}}