{"id":239979,"date":"2026-09-05T07:21:09","date_gmt":"2026-09-05T07:21:09","guid":{"rendered":"https:\/\/www.europesays.com\/be-fr\/239979\/"},"modified":"2026-09-05T07:21:09","modified_gmt":"2026-09-05T07:21:09","slug":"les-mots-forts-du-ministre-de-linterieur-bernard-quintin-ce-sont-des-attaques-ils-nous-font-la-guerre","status":"publish","type":"post","link":"https:\/\/www.europesays.com\/be-fr\/239979\/","title":{"rendered":"Les mots forts du ministre de l&rsquo;Int\u00e9rieur Bernard Quintin: \u00ab\u00a0Ce sont des attaques. Ils nous font la guerre\u00a0\u00bb"},"content":{"rendered":"<p class=\"ap-StoryElement ap-StoryElement--mb ap-StoryText\">Cependant, lorsqu&rsquo;on lui a demand\u00e9 s&rsquo;il fallait avoir peur, le ministre s&rsquo;est calm\u00e9. \u00ab\u00a0Nous devons \u00eatre conscients que nous sommes dans un nouveau monde\u00a0\u00bb, a-t-il d\u00e9clar\u00e9.<\/p>\n<p><a href=\"https:\/\/www.lalibre.be\/international\/europe\/guerre-ukraine-russie\/2026\/09\/02\/la-russie-joue-un-jeu-extremement-dangereux-si-cet-avion-avait-explose-nous-aurions-ete-au-bord-de-lacte-de-guerre-KZHJATRXTRFZRF5Y3BAFAQA2RA\/\" target=\"_self\" class=\"ap-StoryInterstitialLink ap-StoryElement ap-StoryElement--mb\" rel=\"nofollow noopener\">\u00ab\u00a0La Russie joue un jeu extr\u00eamement dangereux : si cet avion avait explos\u00e9, nous aurions \u00e9t\u00e9 au bord de l&rsquo;acte de guerre\u00a0\u00bb<\/a><\/p>\n<p class=\"ap-StoryElement ap-StoryElement--mb ap-StoryText\">D\u00e9but ao\u00fbt, un drone \u00e9quip\u00e9 d&rsquo;explosifs et d&rsquo;un d\u00e9tonateur avaient \u00e9t\u00e9 d\u00e9couverts dans la zone s\u00e9curis\u00e9e de l&rsquo;a\u00e9roport allemand de Leipzig, parmi des avions cargo ukrainiens.<\/p>\n<p class=\"ap-StoryElement ap-StoryElement--mb ap-StoryText\">Mardi, le ministre allemand de l&rsquo;Int\u00e9rieur Alexander Dobrindt a annonc\u00e9 que la Russie \u00e9tait responsable de l&rsquo;\u00e9chec de cette tentative d&rsquo;attentat.<\/p>\n","protected":false},"excerpt":{"rendered":"Cependant, lorsqu&rsquo;on lui a demand\u00e9 s&rsquo;il fallait avoir peur, le ministre s&rsquo;est calm\u00e9. \u00ab\u00a0Nous devons \u00eatre conscients que&hellip;\n","protected":false},"author":2,"featured_media":239980,"comment_status":"","ping_status":"","sticky":false,"template":"","format":"standard","meta":{"footnotes":"","_share_on_mastodon":"0"},"categories":[8],"tags":[10,629,12,13,18,17,333,2514,2451,11,331],"class_list":["post-239979","post","type-post","status-publish","format-standard","has-post-thumbnail","category-actualites","tag-actualites","tag-allemagne","tag-be","tag-be-fr","tag-belgique","tag-belgium","tag-conflit","tag-guerre","tag-gvtfed","tag-news","tag-russie"],"share_on_mastodon":{"url":"https:\/\/pubeurope.com\/@be_fr\/117217229973419528","error":""},"_links":{"self":[{"href":"https:\/\/www.europesays.com\/be-fr\/wp-json\/wp\/v2\/posts\/239979","targetHints":{"allow":["GET"]}}],"collection":[{"href":"https:\/\/www.europesays.com\/be-fr\/wp-json\/wp\/v2\/posts"}],"about":[{"href":"https:\/\/www.europesays.com\/be-fr\/wp-json\/wp\/v2\/types\/post"}],"author":[{"embeddable":true,"href":"https:\/\/www.europesays.com\/be-fr\/wp-json\/wp\/v2\/users\/2"}],"replies":[{"embeddable":true,"href":"https:\/\/www.europesays.com\/be-fr\/wp-json\/wp\/v2\/comments?post=239979"}],"version-history":[{"count":0,"href":"https:\/\/www.europesays.com\/be-fr\/wp-json\/wp\/v2\/posts\/239979\/revisions"}],"wp:featuredmedia":[{"embeddable":true,"href":"https:\/\/www.europesays.com\/be-fr\/wp-json\/wp\/v2\/media\/239980"}],"wp:attachment":[{"href":"https:\/\/www.europesays.com\/be-fr\/wp-json\/wp\/v2\/media?parent=239979"}],"wp:term":[{"taxonomy":"category","embeddable":true,"href":"https:\/\/www.europesays.com\/be-fr\/wp-json\/wp\/v2\/categories?post=239979"},{"taxonomy":"post_tag","embeddable":true,"href":"https:\/\/www.europesays.com\/be-fr\/wp-json\/wp\/v2\/tags?post=239979"}],"curies":[{"name":"wp","href":"https:\/\/api.w.org\/{rel}","templated":true}]}}