{"id":240015,"date":"2026-09-05T07:48:13","date_gmt":"2026-09-05T07:48:13","guid":{"rendered":"https:\/\/www.europesays.com\/be-fr\/240015\/"},"modified":"2026-09-05T07:48:13","modified_gmt":"2026-09-05T07:48:13","slug":"lemotion-de-jane-fonda-lors-de-sa-rencontre-avec-gisele-pelicot-en-marge-de-la-mostra-de-venise","status":"publish","type":"post","link":"https:\/\/www.europesays.com\/be-fr\/240015\/","title":{"rendered":"L\u2019\u00e9motion de Jane Fonda lors de sa rencontre avec Gis\u00e8le Pelicot en marge de la Mostra de Venise"},"content":{"rendered":"<p>        <img decoding=\"async\" loading=\"lazy\" src=\"https:\/\/www.europesays.com\/be-fr\/wp-content\/uploads\/2026\/09\/8249ccf_upload-1-ttpopbfflt31-2026-09-03t124451z-329070467-mt1sipa000s4353x-rtrmadp-3-sipa-usa.JPG\"  width=\"728\" height=\"409\" alt=\"Gisele Pelicot etJane Fonda lors de la 17e \u00e9dition des DVF Awards, \u00e0 Venise, Italie, le 3\u00a0septembre 2026.\"\/>  <\/p>\n<p>SGP \/ SGP\/Sipa USA via Reuters Connect<\/p>\n<p>Gisele Pelicot etJane Fonda lors de la 17e \u00e9dition des DVF Awards, \u00e0 Venise, Italie, le 3\u00a0septembre 2026.<\/p>\n<p class=\"asset asset-text\">Une rencontre tr\u00e8s symbolique. Deux ic\u00f4nes f\u00e9ministes, l\u2019actrice am\u00e9ricaine Jane Fonda et la militante<a href=\"https:\/\/www.huffingtonpost.fr\/international\/article\/gisele-pelicot-profondement-choquee-par-cette-affaire-de-viol-qui-secoue-le-royaume-uni_264134.html\" rel=\"nofollow noopener\" target=\"_blank\"> Gis\u00e8le Pelicot,<\/a> se sont rencontr\u00e9es \u00e0 Venise, ce jeudi 3\u00a0septembre. Tr\u00e8s \u00e9mues, les deux femmes ont pos\u00e9 ensemble devant les photographes et ont d\u00e9pos\u00e9 chacune un baiser sur la joue de l\u2019autre.<\/p>\n<p class=\"asset asset-text\">\u00ab\u00a0J\u2019ai tellement de chance\u00a0\u00bb, s\u2019est exclam\u00e9e <a href=\"https:\/\/www.huffingtonpost.fr\/culture\/article\/face-a-trump-jane-fonda-ressuscite-un-comite-pour-la-liberte-d-expression-des-annees-1940_255497.html\" rel=\"nofollow noopener\" target=\"_blank\">Jane Fonda<\/a> en serrant les mains de Gis\u00e8le Pelicot. \u00ab\u00a0C\u2019est une femme incroyablement courageuse de pouvoir dire \u201cJe ne serai pas une victime\u201d\u00a0\u00bb, a-t-elle ensuite d\u00e9clar\u00e9 aux cam\u00e9ras.<\/p>\n<p class=\"asset asset-text\">Toutes deux \u00e9taient pr\u00e9sentes en Italie, en marge de <a href=\"https:\/\/www.huffingtonpost.fr\/culture\/article\/a-la-mostra-de-venise-john-malkovich-a-eu-du-mal-a-retenir-ses-larmes-pendant-cette-longue-standing-ovation_317759.html\" rel=\"nofollow noopener\" target=\"_blank\">la Mostra de Venise<\/a>, pour recevoir un DVF Awards. Chaque ann\u00e9e, lors de cette c\u00e9r\u00e9monie, cinq prix sont d\u00e9cern\u00e9s \u00e0 des femmes qui \u0153uvrent \u00ab\u00a0\u00e0 la r\u00e9solution des probl\u00e8mes les plus urgents du monde\u00a0\u00bb. Les DVF Awards visent tout particuli\u00e8rement \u00e0 \u00ab\u00a0reconna\u00eetre, soutenir et amplifier la voix de femmes exceptionnelles qui \u0153uvrent pour am\u00e9liorer la vie d\u2019autres femmes\u00a0\u00bb.<\/p>\n<p> La lecture de ce contenu est susceptible d\u2019entra\u00eener un d\u00e9p\u00f4t de cookies de la part de l\u2019op\u00e9rateur tiers qui l\u2019h\u00e9berge. Compte-tenu des choix que vous avez exprim\u00e9s en mati\u00e8re de d\u00e9p\u00f4t de cookies, nous avons bloqu\u00e9 l\u2019affichage de ce contenu. Si vous souhaitez y acc\u00e9der, vous devez accepter la cat\u00e9gorie de cookies \u201cContenus tiers\u201d en cliquant sur le bouton ci-dessous. <\/p>\n<p> Lire la Vid\u00e9o        R\u00e9compens\u00e9es pour leurs combats    <\/p>\n<p class=\"asset asset-text\">Si leurs parcours sont tr\u00e8s diff\u00e9rents, Gis\u00e8le Pelicot et<a href=\"https:\/\/www.huffingtonpost.fr\/divertissement\/article\/julia-roberts-jane-fonda-robert-de-niro-le-concert-no-kings-et-ses-stars-ont-fait-concurrence-a-donald-trump_267698.html\" rel=\"nofollow noopener\" target=\"_blank\"> Jane Fonda<\/a> partagent un m\u00eame engagement en faveur des droits des femmes. Depuis qu\u2019elle a choisi de rendre public son proc\u00e8s, Gis\u00e8le Pelicot est devenue, en France comme \u00e0 l\u2019\u00e9tranger, une figure de la lutte contre les violences sexuelles faites aux femmes. Son refus du huis clos a largement contribu\u00e9 \u00e0 donner une port\u00e9e internationale \u00e0 son combat contre la soumission chimique.<\/p>\n<p class=\"asset asset-text\">Jane Fonda, de son c\u00f4t\u00e9, s\u2019est engag\u00e9e depuis plusieurs d\u00e9cennies pour<a href=\"https:\/\/www.huffingtonpost.fr\/international\/article\/l-egalite-femmes-hommes-atteint-au-mieux-dans-300-ans-selon-le-chef-de-l-onu_214908.html\" rel=\"nofollow noopener\" target=\"_blank\"> les droits des femmes<\/a>. L\u2019actrice am\u00e9ricaine de 88\u00a0ans s\u2019est notamment illustr\u00e9e par son activisme contre les violences faites aux femmes et pour l\u2019\u00e9galit\u00e9 entre les sexes. Elle se prononce \u00e9galement sur l\u2019urgence d\u2019agir face <a href=\"https:\/\/www.huffingtonpost.fr\/international\/article\/apres-les-crues-au-nepal-la-colere-face-aux-impacts-disproportionnes-d-une-crise-climatique-subie_315617.html\" rel=\"nofollow noopener\" target=\"_blank\">au changement climatique<\/a>, et a notamment \u00e9t\u00e9 r\u00e9compens\u00e9e par DVF pour son r\u00e9cent livre intitul\u00e9 \u00ab\u00a0Que puis-je faire\u00a0? Mon chemin du d\u00e9sespoir climatique \u00e0 l\u2019action\u00a0\u00bb.<\/p>\n<p class=\"asset asset-text\">Les trois autres femmes \u00e0 avoir \u00e9t\u00e9 r\u00e9compens\u00e9e par le DVF de 2026 sont\u00a0: la Premi\u00e8re ministre de la Barbade, Mia Amor Mottley, la photojournaliste et laur\u00e9ate du prix Pulitzer Lynsey Addario, ainsi que Wawira Njiru, fondatrice et PDG de Food4Education. Chacune de ses femmes a re\u00e7u une bourse de 100\u00a0000\u00a0dollars. Gis\u00e8le Pelicot a indiqu\u00e9 que cette somme reviendra \u00e0 l\u2019association \u00ab\u00a0M\u2019endors pas\u00a0\u00bb, fond\u00e9e par sa fille, qui lutte contre la soumission chimique et accompagne les victimes.<\/p>\n","protected":false},"excerpt":{"rendered":"SGP \/ SGP\/Sipa USA via Reuters Connect Gisele Pelicot etJane Fonda lors de la 17e \u00e9dition des DVF&hellip;\n","protected":false},"author":2,"featured_media":240016,"comment_status":"","ping_status":"","sticky":false,"template":"","format":"standard","meta":{"footnotes":"","_share_on_mastodon":"0"},"categories":[102],"tags":[12,13,18,17,129,128,419,96,95,3689,21766,1001,109],"class_list":["post-240015","post","type-post","status-publish","format-standard","has-post-thumbnail","category-people","tag-be","tag-be-fr","tag-belgique","tag-belgium","tag-celebrities","tag-celebrity","tag-culture","tag-divertissement","tag-entertainment","tag-gisele-pelicot","tag-jane-fonda","tag-mostra-de-venise","tag-people"],"share_on_mastodon":{"url":"https:\/\/pubeurope.com\/@be_fr\/117217336485827271","error":""},"_links":{"self":[{"href":"https:\/\/www.europesays.com\/be-fr\/wp-json\/wp\/v2\/posts\/240015","targetHints":{"allow":["GET"]}}],"collection":[{"href":"https:\/\/www.europesays.com\/be-fr\/wp-json\/wp\/v2\/posts"}],"about":[{"href":"https:\/\/www.europesays.com\/be-fr\/wp-json\/wp\/v2\/types\/post"}],"author":[{"embeddable":true,"href":"https:\/\/www.europesays.com\/be-fr\/wp-json\/wp\/v2\/users\/2"}],"replies":[{"embeddable":true,"href":"https:\/\/www.europesays.com\/be-fr\/wp-json\/wp\/v2\/comments?post=240015"}],"version-history":[{"count":0,"href":"https:\/\/www.europesays.com\/be-fr\/wp-json\/wp\/v2\/posts\/240015\/revisions"}],"wp:featuredmedia":[{"embeddable":true,"href":"https:\/\/www.europesays.com\/be-fr\/wp-json\/wp\/v2\/media\/240016"}],"wp:attachment":[{"href":"https:\/\/www.europesays.com\/be-fr\/wp-json\/wp\/v2\/media?parent=240015"}],"wp:term":[{"taxonomy":"category","embeddable":true,"href":"https:\/\/www.europesays.com\/be-fr\/wp-json\/wp\/v2\/categories?post=240015"},{"taxonomy":"post_tag","embeddable":true,"href":"https:\/\/www.europesays.com\/be-fr\/wp-json\/wp\/v2\/tags?post=240015"}],"curies":[{"name":"wp","href":"https:\/\/api.w.org\/{rel}","templated":true}]}}