{"id":240055,"date":"2026-09-05T08:24:13","date_gmt":"2026-09-05T08:24:13","guid":{"rendered":"https:\/\/www.europesays.com\/be-fr\/240055\/"},"modified":"2026-09-05T08:24:13","modified_gmt":"2026-09-05T08:24:13","slug":"un-enfant-de-12-ans-retrouve-mort-aux-pays-bas","status":"publish","type":"post","link":"https:\/\/www.europesays.com\/be-fr\/240055\/","title":{"rendered":"Un enfant de 12 ans retrouv\u00e9 mort aux Pays-Bas"},"content":{"rendered":"<p>Un gar\u00e7on de 12 ans a \u00e9t\u00e9 retrouv\u00e9 mort vendredi matin dans une habitation situ\u00e9e \u00e0 Eerbeek, dans la province n\u00e9erlandaise de Gueldre, a rapport\u00e9 la police. Un suspect a \u00e9t\u00e9 arr\u00eat\u00e9.<\/p>\n<p>Le corps de l\u2019enfant a \u00e9t\u00e9 d\u00e9couvert dans une maison de la L\u00e9harstraat. Un adulte pr\u00e9sent au domicile a \u00e9t\u00e9 plac\u00e9 sous mandat d\u2019arr\u00eat.<\/p>\n<p>La police soup\u00e7onne un acte criminel.<\/p>\n<p>Selon le m\u00e9dia r\u00e9gional Omroep Gelderland, la personne arr\u00eat\u00e9e serait la m\u00e8re du gar\u00e7on.<\/p>\n","protected":false},"excerpt":{"rendered":"Un gar\u00e7on de 12 ans a \u00e9t\u00e9 retrouv\u00e9 mort vendredi matin dans une habitation situ\u00e9e \u00e0 Eerbeek, dans&hellip;\n","protected":false},"author":2,"featured_media":240056,"comment_status":"","ping_status":"","sticky":false,"template":"","format":"standard","meta":{"footnotes":"","_share_on_mastodon":"0"},"categories":[9],"tags":[12,13,18,17,31,2378,32],"class_list":["post-240055","post","type-post","status-publish","format-standard","has-post-thumbnail","category-international","tag-be","tag-be-fr","tag-belgique","tag-belgium","tag-international","tag-le-soir","tag-world-news"],"share_on_mastodon":{"url":"https:\/\/pubeurope.com\/@be_fr\/117217477508358231","error":""},"_links":{"self":[{"href":"https:\/\/www.europesays.com\/be-fr\/wp-json\/wp\/v2\/posts\/240055","targetHints":{"allow":["GET"]}}],"collection":[{"href":"https:\/\/www.europesays.com\/be-fr\/wp-json\/wp\/v2\/posts"}],"about":[{"href":"https:\/\/www.europesays.com\/be-fr\/wp-json\/wp\/v2\/types\/post"}],"author":[{"embeddable":true,"href":"https:\/\/www.europesays.com\/be-fr\/wp-json\/wp\/v2\/users\/2"}],"replies":[{"embeddable":true,"href":"https:\/\/www.europesays.com\/be-fr\/wp-json\/wp\/v2\/comments?post=240055"}],"version-history":[{"count":0,"href":"https:\/\/www.europesays.com\/be-fr\/wp-json\/wp\/v2\/posts\/240055\/revisions"}],"wp:featuredmedia":[{"embeddable":true,"href":"https:\/\/www.europesays.com\/be-fr\/wp-json\/wp\/v2\/media\/240056"}],"wp:attachment":[{"href":"https:\/\/www.europesays.com\/be-fr\/wp-json\/wp\/v2\/media?parent=240055"}],"wp:term":[{"taxonomy":"category","embeddable":true,"href":"https:\/\/www.europesays.com\/be-fr\/wp-json\/wp\/v2\/categories?post=240055"},{"taxonomy":"post_tag","embeddable":true,"href":"https:\/\/www.europesays.com\/be-fr\/wp-json\/wp\/v2\/tags?post=240055"}],"curies":[{"name":"wp","href":"https:\/\/api.w.org\/{rel}","templated":true}]}}