{"id":240067,"date":"2026-09-05T08:35:24","date_gmt":"2026-09-05T08:35:24","guid":{"rendered":"https:\/\/www.europesays.com\/be-fr\/240067\/"},"modified":"2026-09-05T08:35:24","modified_gmt":"2026-09-05T08:35:24","slug":"photos-jensen-fait-son-grand-retour-avec-une-nouvelle-interceptor","status":"publish","type":"post","link":"https:\/\/www.europesays.com\/be-fr\/240067\/","title":{"rendered":"Photos Jensen fait son grand retour avec une nouvelle Interceptor"},"content":{"rendered":"<p>R\u00e9dig\u00e9 par Moniteur Automobile le 04-09-2026<\/p>\n<p>\n        Jensen International d\u00e9voile l\u2019Interceptor GTX, une voiture de circuit dot\u00e9e d\u2019un V8, d\u2019une transmission aux roues arri\u00e8re et d\u2019une carrosserie en alu. Loin d\u2019\u00eatre un simple restomod, ce prototype pr\u00e9figure les futurs mod\u00e8les Jensen homologu\u00e9s pour la route.&#13;<\/p>\n","protected":false},"excerpt":{"rendered":"R\u00e9dig\u00e9 par Moniteur Automobile le 04-09-2026 Jensen International d\u00e9voile l\u2019Interceptor GTX, une voiture de circuit dot\u00e9e d\u2019un V8,&hellip;\n","protected":false},"author":2,"featured_media":240068,"comment_status":"","ping_status":"","sticky":false,"template":"","format":"standard","meta":{"footnotes":"","_share_on_mastodon":"0"},"categories":[70],"tags":[12,13,18,17,73,71,75,72,76,74],"class_list":["post-240067","post","type-post","status-publish","format-standard","has-post-thumbnail","category-sciences-et-technologies","tag-be","tag-be-fr","tag-belgique","tag-belgium","tag-science","tag-science-and-technology","tag-sciences","tag-sciences-et-technologies","tag-technologies","tag-technology"],"share_on_mastodon":{"url":"https:\/\/pubeurope.com\/@be_fr\/117217520695949145","error":""},"_links":{"self":[{"href":"https:\/\/www.europesays.com\/be-fr\/wp-json\/wp\/v2\/posts\/240067","targetHints":{"allow":["GET"]}}],"collection":[{"href":"https:\/\/www.europesays.com\/be-fr\/wp-json\/wp\/v2\/posts"}],"about":[{"href":"https:\/\/www.europesays.com\/be-fr\/wp-json\/wp\/v2\/types\/post"}],"author":[{"embeddable":true,"href":"https:\/\/www.europesays.com\/be-fr\/wp-json\/wp\/v2\/users\/2"}],"replies":[{"embeddable":true,"href":"https:\/\/www.europesays.com\/be-fr\/wp-json\/wp\/v2\/comments?post=240067"}],"version-history":[{"count":0,"href":"https:\/\/www.europesays.com\/be-fr\/wp-json\/wp\/v2\/posts\/240067\/revisions"}],"wp:featuredmedia":[{"embeddable":true,"href":"https:\/\/www.europesays.com\/be-fr\/wp-json\/wp\/v2\/media\/240068"}],"wp:attachment":[{"href":"https:\/\/www.europesays.com\/be-fr\/wp-json\/wp\/v2\/media?parent=240067"}],"wp:term":[{"taxonomy":"category","embeddable":true,"href":"https:\/\/www.europesays.com\/be-fr\/wp-json\/wp\/v2\/categories?post=240067"},{"taxonomy":"post_tag","embeddable":true,"href":"https:\/\/www.europesays.com\/be-fr\/wp-json\/wp\/v2\/tags?post=240067"}],"curies":[{"name":"wp","href":"https:\/\/api.w.org\/{rel}","templated":true}]}}