{"id":240071,"date":"2026-09-05T08:39:16","date_gmt":"2026-09-05T08:39:16","guid":{"rendered":"https:\/\/www.europesays.com\/be-fr\/240071\/"},"modified":"2026-09-05T08:39:16","modified_gmt":"2026-09-05T08:39:16","slug":"meteo-du-week-end-soleil-samedi-chaleur-dimanche-pluie-mardi","status":"publish","type":"post","link":"https:\/\/www.europesays.com\/be-fr\/240071\/","title":{"rendered":"M\u00e9t\u00e9o du week-end\u00a0: soleil samedi, chaleur dimanche, pluie mardi"},"content":{"rendered":"<p>  <img decoding=\"async\" class=\"r-img lazyloaded\" src=\"https:\/\/www.europesays.com\/be-fr\/wp-content\/uploads\/2026\/09\/1788597555_659_mouchet.jpg\" alt=\"Adrien Mouchet\"\/><\/p>\n<p>par <a href=\"https:\/\/www.rtl.be\/343111\/dpi-authors\/adrien-mouchet\" rel=\"nofollow noopener\" target=\"_blank\">Adrien Mouchet<\/a><\/p>\n<p>\tPubli\u00e9 le 05 septembre \u00e0 07h19<\/p>\n<p>  <a href=\"https:\/\/www.google.com\/preferences\/source?q=rtl%20info\" class=\"r-link--google-favorites\" role=\"button\">Ajoutez-nous \u00e0 vos favoris Google<\/a><br \/>\n\tLe temps restera sec et de plus en plus ensoleill\u00e9 samedi. Dimanche sera estival, avant un lundi plus chaud et instable et un mardi nettement plus frais et pluvieux.<\/p>\n<p>&#13;<br \/>\n&#13;<\/p>\n<p>La n\u00e9bulosit\u00e9 sera variable samedi. Une petite averse sera possible de mani\u00e8re tr\u00e8s locale dans le nord, mais dans la plupart des r\u00e9gions, le temps restera sec. Dans le courant de l\u2019apr\u00e8s-midi, les \u00e9claircies s\u2019\u00e9tendront et le temps deviendra finalement assez ensoleill\u00e9, selon les pr\u00e9visions de l\u2019Institut royal m\u00e9t\u00e9orologique (IRM).<\/p>\n<p>Les maxima avoisineront les 16 ou 17\u00b0C sur les hauteurs ardennaises, les 19\u00b0C au bord de la mer et se situeront entre 20 et 22\u00b0C dans les autres r\u00e9gions. Le vent faible \u00e0 mod\u00e9r\u00e9 de sud-ouest tournera \u00e0 l\u2019ouest. Dans la moiti\u00e9 nord du pays, il se renforcera pour devenir mod\u00e9r\u00e9. Au littoral, le vent sera mod\u00e9r\u00e9 \u00e0 assez fort d\u2019ouest-nord-ouest, puis il deviendra mod\u00e9r\u00e9.<\/p>\n<p>&#13;<br \/>\n&#13;<\/p>\n<p>&#13;<br \/>\n&#13;<br \/>\nCe soir et cette nuit<\/p>\n<p>Ce soir et cette nuit, le ciel deviendra peu nuageux partout, avec parfois quelques nuages d\u2019altitude. Du brouillard pourra se former dans les vall\u00e9es ardennaises.<\/p>\n<p>\n  &#13;<br \/>\n  \u00c0 lire aussi&#13;<br \/>\n  &#13;<\/p>\n<p>  <img decoding=\"async\" data-copyright=\"RTL info\" class=\"r-img\"  typeof=\"foaf:Image\" src=\"https:\/\/www.europesays.com\/be-fr\/wp-content\/uploads\/2026\/09\/1788597555_830_100050752.jpeg\" alt=\"el nino copy.jpg\"\/><br \/>\n        <a class=\"r-stories--link\" href=\"https:\/\/www.rtl.be\/actu\/belgique\/meteo\/lannee-la-plus-chaude-jamais-enregistree-sur-terre-el-nino-pourrait-etre\/2026-09-03\/article\/799192\" rel=\"nofollow noopener\" target=\"_blank\">\u00ab\u00a0L\u2019ann\u00e9e la plus chaude jamais enregistr\u00e9e sur Terre\u00a0\u00bb\u00a0: El Ni\u00f1o pourrait \u00eatre superpuissant, \u00e0 quoi faut-il s\u2019attendre en Belgique\u00a0?<\/a>&#13;<br \/>\n  &#13;<br \/>\n&#13;\n<\/p>\n<p>Les minima seront compris entre 6 et 10\u00b0C dans les r\u00e9gions situ\u00e9es au sud du sillon Sambre-et-Meuse, autour de 13\u00b0C au littoral et entre 10 et 12\u00b0C dans les autres r\u00e9gions. Le vent sera faible, d\u2019abord principalement de secteur nord, puis g\u00e9n\u00e9ralement du sud-est \u00e0 l\u2019est.<\/p>\n<p>Dimanche<\/p>\n<p>Dimanche, le soleil sera au rendez-vous, mais on observera \u00e9galement des nuages \u00e9lev\u00e9s et moyens. En fin d\u2019apr\u00e8s-midi et pendant la nuit, quelques averses seront possibles.<\/p>\n<p>Les maxima oscilleront entre 22 et 25\u00b0C. Le vent faible de sud-est se renforcera parfois pour devenir mod\u00e9r\u00e9.<\/p>\n<p>Lundi<\/p>\n<p>Lundi, il fera plus chaud mais aussi plus instable avec du soleil, quelques champs nuageux et un risque d\u2019une averse.<\/p>\n<p>\n  &#13;<br \/>\n  \u00c0 lire aussi&#13;<br \/>\n  &#13;<\/p>\n<p>  <img decoding=\"async\" data-copyright=\"RTL Info\" class=\"r-img\"  typeof=\"foaf:Image\" src=\"https:\/\/www.europesays.com\/be-fr\/wp-content\/uploads\/2026\/09\/1788597556_934_99454662.jpeg\" alt=\"Jean-Pascal van Ypersele insiste sur l\u2019importance de maintenir l\u2019objectif de limiter le r\u00e9chauffement climatique \u00e0 1,5\u00b0C.\"\/><br \/>\n        <a class=\"r-stories--link\" href=\"https:\/\/www.rtl.be\/actu\/belgique\/meteo\/il-faut-sy-preparer-mais-ne-pas-sy-resigner-la-belgique-est-elle-prete-affronter\/2026-08-31\/article\/798866\" rel=\"nofollow noopener\" target=\"_blank\">\u00ab\u00a0Il faut s\u2019y pr\u00e9parer, mais ne pas s\u2019y r\u00e9signer\u00a0\u00bb\u00a0: la Belgique est-elle pr\u00eate \u00e0 affronter les cons\u00e9quences d\u2019\u00e9t\u00e9s de plus en plus extr\u00eames\u00a0?<\/a>&#13;<br \/>\n  &#13;<br \/>\n&#13;\n<\/p>\n<p>Les maxima seront compris entre 23 et 28\u00b0C, sous un vent mod\u00e9r\u00e9 et \u00e0 la mer assez fort qui virera au secteur ouest \u00e0 sud-ouest.<\/p>\n<p>Mardi<\/p>\n<p>Mardi, la n\u00e9bulosit\u00e9 sera souvent abondante avec des p\u00e9riodes de pluie depuis le nord-ouest.<\/p>\n<p>Les maxima, nettement plus frais, varieront de 14 \u00e0 19\u00b0C.<\/p>\n<p>&#13;<br \/>\n&#13;<\/p>\n<p>&#13;<br \/>\n&#13;<\/p>\n<p><a class=\"r-btn r-btn--tag\" href=\"https:\/\/www.rtl.be\/439\/free-tags\/meteo\" title=\"m\u00e9t\u00e9o\" rel=\"nofollow noopener\" target=\"_blank\">m\u00e9t\u00e9o<\/a><br \/>\n<a class=\"r-btn r-btn--tag\" href=\"https:\/\/www.rtl.be\/378286\/locations\/sambre-et-meuse\" title=\"Sambre-et-Meuse\" rel=\"nofollow noopener\" target=\"_blank\">Sambre-et-Meuse<\/a><\/p>\n","protected":false},"excerpt":{"rendered":"par Adrien Mouchet Publi\u00e9 le 05 septembre \u00e0 07h19 Ajoutez-nous \u00e0 vos favoris Google Le temps restera sec&hellip;\n","protected":false},"author":2,"featured_media":240072,"comment_status":"","ping_status":"","sticky":false,"template":"","format":"standard","meta":{"footnotes":"","_share_on_mastodon":"0"},"categories":[8],"tags":[10,3123,12,13,18,17,12709,11369,11,3005,11529,5518,17647,3008,20919],"class_list":["post-240071","post","type-post","status-publish","format-standard","has-post-thumbnail","category-actualites","tag-actualites","tag-ardennes","tag-be","tag-be-fr","tag-belgique","tag-belgium","tag-irm","tag-littoral","tag-news","tag-pluie","tag-previsions-meteo","tag-soleil","tag-temperatures","tag-vent","tag-week-end"],"share_on_mastodon":{"url":"https:\/\/pubeurope.com\/@be_fr\/117217536972975419","error":""},"_links":{"self":[{"href":"https:\/\/www.europesays.com\/be-fr\/wp-json\/wp\/v2\/posts\/240071","targetHints":{"allow":["GET"]}}],"collection":[{"href":"https:\/\/www.europesays.com\/be-fr\/wp-json\/wp\/v2\/posts"}],"about":[{"href":"https:\/\/www.europesays.com\/be-fr\/wp-json\/wp\/v2\/types\/post"}],"author":[{"embeddable":true,"href":"https:\/\/www.europesays.com\/be-fr\/wp-json\/wp\/v2\/users\/2"}],"replies":[{"embeddable":true,"href":"https:\/\/www.europesays.com\/be-fr\/wp-json\/wp\/v2\/comments?post=240071"}],"version-history":[{"count":0,"href":"https:\/\/www.europesays.com\/be-fr\/wp-json\/wp\/v2\/posts\/240071\/revisions"}],"wp:featuredmedia":[{"embeddable":true,"href":"https:\/\/www.europesays.com\/be-fr\/wp-json\/wp\/v2\/media\/240072"}],"wp:attachment":[{"href":"https:\/\/www.europesays.com\/be-fr\/wp-json\/wp\/v2\/media?parent=240071"}],"wp:term":[{"taxonomy":"category","embeddable":true,"href":"https:\/\/www.europesays.com\/be-fr\/wp-json\/wp\/v2\/categories?post=240071"},{"taxonomy":"post_tag","embeddable":true,"href":"https:\/\/www.europesays.com\/be-fr\/wp-json\/wp\/v2\/tags?post=240071"}],"curies":[{"name":"wp","href":"https:\/\/api.w.org\/{rel}","templated":true}]}}