{"id":240113,"date":"2026-09-05T09:29:17","date_gmt":"2026-09-05T09:29:17","guid":{"rendered":"https:\/\/www.europesays.com\/be-fr\/240113\/"},"modified":"2026-09-05T09:29:17","modified_gmt":"2026-09-05T09:29:17","slug":"yevhenii-khmara-larchitecte-discret-des-operations-speciales-explosives-promu-ministre-de-la-defense-en-ukraine","status":"publish","type":"post","link":"https:\/\/www.europesays.com\/be-fr\/240113\/","title":{"rendered":"Yevhenii Khmara, l\u2019architecte discret des op\u00e9rations sp\u00e9ciales explosives, promu ministre de la D\u00e9fense en Ukraine"},"content":{"rendered":"<p>\tVolodymyr Zelensky a nomm\u00e9 ministre de la D\u00e9fense bien plus qu\u2019un soldat d\u2019\u00e9lite. Yevhenii Khmara, jusqu\u2019ici chef de l\u2019unit\u00e9 sp\u00e9ciale des services de renseignements (SBU), n\u2019est autre que le cerveau des plus spectaculaires coups d\u2019\u00e9clat contre la Russie ces quatre derni\u00e8res ann\u00e9es. Son objectif\u00a0: infliger au Kremlin un co\u00fbt tellement exorbitant qu\u2019il devra arr\u00eater la guerre.<\/p>\n<p>   Article r\u00e9serv\u00e9 aux abonn\u00e9s<\/p>\n<p><a id=\"btn-sub-article-desc\" href=\"https:\/\/abonnement.lesoir.be\/pw_5M\" class=\"r-btn r-btn--secondary -is-anonyme-connecte-sd\" rel=\"nofollow noopener\" target=\"_blank\">S&rsquo;abonner<\/a>\t<\/p>\n<p>  <img decoding=\"async\" data-copyright=\"D.R.\" class=\"r-img\"  typeof=\"foaf:Image\" src=\"https:\/\/www.europesays.com\/be-fr\/wp-content\/uploads\/2026\/09\/100132783.jpeg\" alt=\"Form\u00e9 dans sa jeunesse au sein des institutions du syst\u00e8me de s\u00e9curit\u00e9 et de d\u00e9fense en Ukraine, Yevhenii Khmara, nouveau ministre de la D\u00e9fense en Ukraine, a d\u00e9di\u00e9 sa vie enti\u00e8re aux armes.\"\/>  <\/p>\n<p>  <img decoding=\"async\" class=\"r-img lazyloaded\" src=\"\/sites\/all\/themes\/enacarbon_lesoir\/images\/s-lesoir.svg\" alt=\"Image auteur par d\u00e9faut\"\/><\/p>\n<p>Par St\u00e9phane Siohan<br \/>\n\tPubli\u00e9 le 4\/09\/2026 \u00e0 11:19<br \/>\nTemps de lecture: 3 min<\/p>\n<p>&#13;<br \/>\n&#13;<\/p>\n<p>&#13;<br \/>\n&#13;<\/p>\n<p>&#13;<br \/>\n&#13;<\/p>\n<p>A peine nomm\u00e9, voil\u00e0 d\u00e9j\u00e0 qu\u2019il impressionne. Il se dit \u00e0 Kiev que certains ministres \u00e9prouvent d\u00e9j\u00e0 une certaine forme de \u00ab\u00a0crush\u00a0\u00bb envers leur nouveau coll\u00e8gue \u00e0 la D\u00e9fense, Yevhenii Khmara, nomm\u00e9 au c\u0153ur de l\u2019\u00e9t\u00e9, dont les \u00e9tats de service ont en effet de quoi intimider plus d\u2019un, alors que l\u2019homme est dot\u00e9 d\u2019une aura de charme ombrageux, teint\u00e9e de secret des armes. Volodymyr Zelensky semble tout aussi convaincu. \u00ab\u00a0Khmara a acquis une exp\u00e9rience \u00e9tendue et sans pr\u00e9c\u00e9dent en mati\u00e8re d\u2019op\u00e9rations de combat technologique, c\u2019est exactement l\u00e0 que nos efforts de d\u00e9fense devraient \u00eatre concentr\u00e9s pendant cette guerre\u00a0\u00bb, avait-il d\u00e9clar\u00e9 en nommant un homme avec qui il faudra compter.<\/p>\n<p>         Cet article est r\u00e9serv\u00e9 aux abonn\u00e9s<\/p>\n<p>        Acc\u00e9dez \u00e0 l&rsquo;information nationale et internationale v\u00e9rifi\u00e9e et d\u00e9crypt\u00e9e<br \/>\n        2,49\u20ac\/semaine pendant 1 mois<\/p>\n<p>        Avec cette offre, profitez de :<\/p>\n<p>          L\u2019acc\u00e8s illimit\u00e9 \u00e0 tous les articles, dossiers et reportages de la r\u00e9daction<br \/>\n          Le journal en version num\u00e9rique (PDF)<br \/>\n          Un confort de lecture avec publicit\u00e9 limit\u00e9e<\/p>\n<p>&#13;<br \/>\n&#13;<\/p>\n<p>      <a href=\"https:\/\/www.rosseladvertising.be\" target=\"_blank\" class=\"link-picto\" rel=\"nofollow noopener\">Contenus sponsoris\u00e9s<\/a><\/p>\n<p>&#13;<br \/>\n&#13;<\/p>\n<p>&#13;<br \/>\n&#13;<\/p>\n","protected":false},"excerpt":{"rendered":"Volodymyr Zelensky a nomm\u00e9 ministre de la D\u00e9fense bien plus qu\u2019un soldat d\u2019\u00e9lite. Yevhenii Khmara, jusqu\u2019ici chef de&hellip;\n","protected":false},"author":2,"featured_media":240114,"comment_status":"","ping_status":"","sticky":false,"template":"","format":"standard","meta":{"footnotes":"","_share_on_mastodon":"0"},"categories":[9],"tags":[12,13,18,17,31,32],"class_list":["post-240113","post","type-post","status-publish","format-standard","has-post-thumbnail","category-international","tag-be","tag-be-fr","tag-belgique","tag-belgium","tag-international","tag-world-news"],"share_on_mastodon":{"url":"https:\/\/pubeurope.com\/@be_fr\/117217733645872958","error":""},"_links":{"self":[{"href":"https:\/\/www.europesays.com\/be-fr\/wp-json\/wp\/v2\/posts\/240113","targetHints":{"allow":["GET"]}}],"collection":[{"href":"https:\/\/www.europesays.com\/be-fr\/wp-json\/wp\/v2\/posts"}],"about":[{"href":"https:\/\/www.europesays.com\/be-fr\/wp-json\/wp\/v2\/types\/post"}],"author":[{"embeddable":true,"href":"https:\/\/www.europesays.com\/be-fr\/wp-json\/wp\/v2\/users\/2"}],"replies":[{"embeddable":true,"href":"https:\/\/www.europesays.com\/be-fr\/wp-json\/wp\/v2\/comments?post=240113"}],"version-history":[{"count":0,"href":"https:\/\/www.europesays.com\/be-fr\/wp-json\/wp\/v2\/posts\/240113\/revisions"}],"wp:featuredmedia":[{"embeddable":true,"href":"https:\/\/www.europesays.com\/be-fr\/wp-json\/wp\/v2\/media\/240114"}],"wp:attachment":[{"href":"https:\/\/www.europesays.com\/be-fr\/wp-json\/wp\/v2\/media?parent=240113"}],"wp:term":[{"taxonomy":"category","embeddable":true,"href":"https:\/\/www.europesays.com\/be-fr\/wp-json\/wp\/v2\/categories?post=240113"},{"taxonomy":"post_tag","embeddable":true,"href":"https:\/\/www.europesays.com\/be-fr\/wp-json\/wp\/v2\/tags?post=240113"}],"curies":[{"name":"wp","href":"https:\/\/api.w.org\/{rel}","templated":true}]}}