{"id":240123,"date":"2026-09-05T09:43:17","date_gmt":"2026-09-05T09:43:17","guid":{"rendered":"https:\/\/www.europesays.com\/be-fr\/240123\/"},"modified":"2026-09-05T09:43:17","modified_gmt":"2026-09-05T09:43:17","slug":"les-funerailles-de-ratko-mladic-instrumentalisees-cest-venir-dans-la-maison-des-victimes-pour-leur-cracher-a-la-figure","status":"publish","type":"post","link":"https:\/\/www.europesays.com\/be-fr\/240123\/","title":{"rendered":"Les fun\u00e9railles de Ratko Mladic instrumentalis\u00e9es: \u00ab\u00a0C&rsquo;est venir dans la maison des victimes pour leur cracher \u00e0 la figure\u00a0\u00bb"},"content":{"rendered":"<p class=\"ap-StoryElement ap-StoryElement--mb ap-StoryText\">La commissaire europ\u00e9enne Marta Kos a m\u00eame affirm\u00e9 que \u00ab\u00a0la glorification de Ratko Mladic n&rsquo;a [vait] pas sa place dans l&rsquo;Union\u00a0\u00bb. Prudent, le pr\u00e9sident Aleksandar Vucic a finalement fait savoir que la Serbie s&rsquo;en tiendrait \u00ab\u00a0aux v\u0153ux \u00e0 la famille\u00a0\u00bb. Des honneurs militaires seront n\u00e9anmoins bien rendus ce samedi \u00e0 l&rsquo;ancien g\u00e9n\u00e9ral, avant son enterrement lundi, probablement dans l&rsquo;intimit\u00e9 familiale.<\/p>\n<p><a href=\"https:\/\/www.lalibre.be\/international\/europe\/2026\/08\/27\/mort-de-ratko-mladic-lancien-chef-militaire-des-serbes-de-bosnie-condamne-pour-genocide-YEL5E7ROKBHJZNOIWT4YRKHCEE\/\" target=\"_self\" class=\"ap-StoryInterstitialLink ap-StoryElement ap-StoryElement--mb\" rel=\"nofollow noopener\">Mort de Ratko Mladic, le g\u00e9n\u00e9ral g\u00e9nocidaire de la guerre de Bosnie<\/a>Un r\u00e9visionnisme qui traverse les g\u00e9n\u00e9rations<\/p>\n<p class=\"ap-StoryElement ap-StoryElement--mb ap-StoryText\">Depuis le 27 ao\u00fbt, les rassemblements se succ\u00e8dent, tant en Serbie qu&rsquo;en Republika Srpska, l&rsquo;entit\u00e9 serbe d&rsquo;une Bosnie-Herz\u00e9govine toujours divis\u00e9e. Les supporteurs du club de football belgradois de l&rsquo;\u00c9toile rouge ont brandi une banderole en son honneur lors d&rsquo;un match de barrage de la Ligue Europa, tandis que d&rsquo;autres affichaient son portrait dans les rues de Serbie et de Republika Srpska. \u00ab\u00a0Nous sommes tous Ratko Mladic\u00a0\u00bb, ont scand\u00e9 des milliers de personnes \u00e0 Banja Luka, Prijedor ou Belgrade.<\/p>\n<p class=\"ap-StoryElement ap-StoryElement--mb ap-StoryText\">Dans ces rassemblements, certains embrassent son portrait comme on le fait habituellement d&rsquo;une ic\u00f4ne dans une \u00e9glise orthodoxe. Un rassemblement a m\u00eame \u00e9t\u00e9 organis\u00e9 <a href=\"https:\/\/www.lalibre.be\/international\/europe\/2025\/07\/11\/il-y-a-trente-ans-srebrenica-un-genocide-qui-divise-toujours-la-bosnie-herzegovine-KONGWPRQSRAW5DHDZFWXHLZJUE\/\" target=\"_blank\" rel=\"noreferrer noopener nofollow\">\u00e0 Srebrenica, la ville martyre o\u00f9 plus de 8 000 hommes bosniaques furent assassin\u00e9s<\/a> en juillet 1995 sous les ordres de Ratko Mladi\u0107. \u00ab\u00a0Lui rendre hommage \u00e0 Srebrenica, c&rsquo;est venir dans la maison des victimes pour leur cracher \u00e0 la figure\u00a0\u00bb, s&rsquo;indignent les associations de m\u00e8res de l&rsquo;enclave.<\/p>\n<p><a href=\"https:\/\/www.lalibre.be\/debats\/edito\/2017\/11\/22\/edito-ratko-mladic-un-jugement-exemplaire-DQI26DKGJBDBNDUC55IARRNO54\/\" target=\"_self\" class=\"ap-StoryInterstitialLink ap-StoryElement ap-StoryElement--mb\" rel=\"nofollow noopener\">Edito: Ratko Mladic, un jugement exemplaire<\/a>Le double jeu d&rsquo;Aleksandar Vucic<\/p>\n<p class=\"ap-StoryElement ap-StoryElement--mb ap-StoryText\">Parmi ceux qui honorent de la sorte un criminel condamn\u00e9 par la justice, on trouve des v\u00e9t\u00e9rans des guerres des ann\u00e9es 1990, mais aussi nombre de jeunes gens. Igor vit ainsi dans les quartiers serbes de Sarajevo-Est. Il n&rsquo;\u00e9tait pas n\u00e9 lors de la chute de Srebrenica, mais pour lui, \u00ab\u00a0Mladic a d\u00e9fendu le peuple serbe. C&rsquo;est un h\u00e9ros, un chevalier, \u00e0 la diff\u00e9rence des politiciens d&rsquo;aujourd&rsquo;hui\u00a0\u00bb. Ce r\u00e9visionnisme est aliment\u00e9 tant par les d\u00e9ceptions du pr\u00e9sent que par la pr\u00e9sentation biais\u00e9e de la guerre dans les manuels scolaires et par les discours dominants dans les m\u00e9dias et sur les r\u00e9seaux sociaux.<\/p>\n<p class=\"ap-StoryElement ap-StoryElement--mb ap-StoryText\">L&rsquo;\u00e9trange ballet dans\u00e9 par les autorit\u00e9s serbes permet, une fois de plus, <a href=\"https:\/\/www.lalibre.be\/international\/europe\/2026\/06\/29\/le-president-serbe-aleksandar-vucic-tente-un-nouveau-tour-de-passe-passe-UQTSWOCWKZH3TID5NJ4X7UYM44\/\" target=\"_blank\" rel=\"noreferrer noopener nofollow\">au pr\u00e9sident Vucic <\/a>d&rsquo;\u00eatre gagnant sur tous les tableaux : en laissant annoncer ces hommages, il a satisfait les franges les plus nationalistes de l&rsquo;\u00e9lectorat serbe, avant d&rsquo;essayer de \u00ab\u00a0rassurer\u00a0\u00bb ses partenaires europ\u00e9ens. L&rsquo;enjeu n&rsquo;est pas mince, alors que la mort de Ratko Mladic vient percuter la campagne de deux \u00e9lections cruciales.<\/p>\n<p>Deux scrutins sous haute tension<\/p>\n<p class=\"ap-StoryElement ap-StoryElement--mb ap-StoryText\">Le 4 octobre, les \u00e9lecteurs de Bosnie-Herz\u00e9govine sont convoqu\u00e9s \u00e0 des \u00e9lections g\u00e9n\u00e9rales. <a href=\"https:\/\/www.lalibre.be\/international\/europe\/2025\/08\/06\/le-chef-des-serbes-de-bosnie-limoge-YKUD5QX4JZD2FL7GAEM45KVN44\/\" target=\"_self\" rel=\"nofollow noopener\">Milorad Dodik<\/a>, toujours homme fort de la Republika Srpska m\u00eame s&rsquo;il n&rsquo;exerce plus de fonctions \u00e9lectives, esp\u00e8re bien b\u00e9n\u00e9ficier du climat de ferveur nationaliste : son parti, l&rsquo;Alliance des sociaux-d\u00e9mocrates ind\u00e9pendants (SNSD), \u00e9tait jusque-l\u00e0 en difficult\u00e9 dans les sondages.<\/p>\n<p class=\"ap-StoryElement ap-StoryElement--mb ap-StoryText\">En Serbie, Aleksandar Vucic fait certainement le m\u00eame calcul : il a annonc\u00e9 des \u00e9lections parlementaires \u00ab\u00a0le 18 ou le 25 octobre\u00a0\u00bb, sans les avoir encore officiellement convoqu\u00e9es. Aleksandar Vucic est en effet toujours chef de l&rsquo;\u00c9tat, m\u00eame s&rsquo;il a aussi annonc\u00e9, au d\u00e9but de l&rsquo;\u00e9t\u00e9, qu&rsquo;il comptait d\u00e9missionner de cette charge pour conduire la campagne du Parti progressiste serbe (SNS), esp\u00e9rant (re) devenir Premier ministre apr\u00e8s le scrutin.<\/p>\n<p><a href=\"https:\/\/www.lalibre.be\/international\/europe\/2025\/07\/11\/il-y-a-trente-ans-srebrenica-un-genocide-qui-divise-toujours-la-bosnie-herzegovine-KONGWPRQSRAW5DHDZFWXHLZJUE\/\" target=\"_self\" class=\"ap-StoryInterstitialLink ap-StoryElement ap-StoryElement--mb\" rel=\"nofollow noopener\">Il y a trente ans, Srebrenica: un g\u00e9nocide qui divise toujours la Bosnie-Herz\u00e9govine<\/a><\/p>\n<p class=\"ap-StoryElement ap-StoryElement--mb ap-StoryText\">Le jeu autour des honneurs \u00e0 rendre \u00e0 Mladic \u00e9tait sans aucun doute une bonne op\u00e9ration pour Aleksandar Vucic. \u00ab\u00a0Au final, il enverra son ministre consoler la famille\u00a0\u00bb, pr\u00e9dit Filip Svarm, directeur de l&rsquo;hebdomadaire ind\u00e9pendant Vreme. \u00ab\u00a0Mais c&rsquo;est bien le r\u00e9gime Vucic qui a encourag\u00e9 le r\u00e9visionnisme historique, en banalisant les crimes de guerre, en soutenant en douce ceux qui peignaient des fresques \u00e0 la gloire d&rsquo;un g\u00e9nocidaire sur les murs de nos villes, en continuant \u00e0 intoxiquer les nouvelles g\u00e9n\u00e9rations.\u00a0\u00bb Et le journaliste de rappeler qu&rsquo;Aleksandar Vucic est lui-m\u00eame issu de l&rsquo;extr\u00eame droite nationaliste des ann\u00e9es 1990 : \u00ab\u00a0En r\u00e9habilitant Mladic, c&rsquo;est son propre pass\u00e9 qu&rsquo;il cherche \u00e0 r\u00e9habiliter.\u00a0\u00bb<\/p>\n","protected":false},"excerpt":{"rendered":"La commissaire europ\u00e9enne Marta Kos a m\u00eame affirm\u00e9 que \u00ab\u00a0la glorification de Ratko Mladic n&rsquo;a [vait] pas sa&hellip;\n","protected":false},"author":2,"featured_media":240124,"comment_status":"","ping_status":"","sticky":false,"template":"","format":"standard","meta":{"footnotes":"","_share_on_mastodon":"0"},"categories":[9],"tags":[682,12,13,18,17,74665,74666,27498,1426,38738,103,31,934,2866,17760,32],"class_list":["post-240123","post","type-post","status-publish","format-standard","has-post-thumbnail","category-international","tag-armed-forces","tag-be","tag-be-fr","tag-belgique","tag-belgium","tag-bosnian-war","tag-crime-against-humanity","tag-earphones","tag-headshot","tag-headshot-close-up","tag-horizontal","tag-international","tag-justice","tag-trial","tag-war-and-conflict","tag-world-news"],"share_on_mastodon":{"url":"https:\/\/pubeurope.com\/@be_fr\/117217788405015116","error":""},"_links":{"self":[{"href":"https:\/\/www.europesays.com\/be-fr\/wp-json\/wp\/v2\/posts\/240123","targetHints":{"allow":["GET"]}}],"collection":[{"href":"https:\/\/www.europesays.com\/be-fr\/wp-json\/wp\/v2\/posts"}],"about":[{"href":"https:\/\/www.europesays.com\/be-fr\/wp-json\/wp\/v2\/types\/post"}],"author":[{"embeddable":true,"href":"https:\/\/www.europesays.com\/be-fr\/wp-json\/wp\/v2\/users\/2"}],"replies":[{"embeddable":true,"href":"https:\/\/www.europesays.com\/be-fr\/wp-json\/wp\/v2\/comments?post=240123"}],"version-history":[{"count":0,"href":"https:\/\/www.europesays.com\/be-fr\/wp-json\/wp\/v2\/posts\/240123\/revisions"}],"wp:featuredmedia":[{"embeddable":true,"href":"https:\/\/www.europesays.com\/be-fr\/wp-json\/wp\/v2\/media\/240124"}],"wp:attachment":[{"href":"https:\/\/www.europesays.com\/be-fr\/wp-json\/wp\/v2\/media?parent=240123"}],"wp:term":[{"taxonomy":"category","embeddable":true,"href":"https:\/\/www.europesays.com\/be-fr\/wp-json\/wp\/v2\/categories?post=240123"},{"taxonomy":"post_tag","embeddable":true,"href":"https:\/\/www.europesays.com\/be-fr\/wp-json\/wp\/v2\/tags?post=240123"}],"curies":[{"name":"wp","href":"https:\/\/api.w.org\/{rel}","templated":true}]}}