{"id":240141,"date":"2026-09-05T10:07:11","date_gmt":"2026-09-05T10:07:11","guid":{"rendered":"https:\/\/www.europesays.com\/be-fr\/240141\/"},"modified":"2026-09-05T10:07:11","modified_gmt":"2026-09-05T10:07:11","slug":"une-nouvelle-casquette-pour-eden-hazard","status":"publish","type":"post","link":"https:\/\/www.europesays.com\/be-fr\/240141\/","title":{"rendered":"Une nouvelle casquette pour Eden Hazard"},"content":{"rendered":"<p class=\"ap-StoryElement ap-StoryElement--mb ap-StoryText\">Une nouvelle casquette pour le Belge, qui partage d\u00e9sormais son exp\u00e9rience autrement. Face \u00e0 un public compos\u00e9 notamment d&rsquo;entrepreneurs et de professionnels, Hazard devrait revenir sur les exigences du tr\u00e8s haut niveau et sur les m\u00e9canismes mentaux n\u00e9cessaires pour performer sous pression.<\/p>\n<p><a href=\"https:\/\/www.lalibre.be\/sports\/football\/2026\/08\/28\/eden-hazard-se-livre-sur-sa-vie-apres-le-football-voici-ce-qui-me-manque-PHQIYAV7GJDSDN44WTGAQ5LA3Q\/\" target=\"_self\" class=\"ap-StoryInterstitialLink ap-StoryElement ap-StoryElement--mb\" rel=\"nofollow noopener\">Eden Hazard se livre sur sa vie apr\u00e8s le football : \u00ab\u00a0Voici ce qui me manque\u00a0\u00bb<\/a>Meet &amp; Greet<\/p>\n<p class=\"ap-StoryElement ap-StoryElement--mb ap-StoryText\">Odoo l&rsquo;a plac\u00e9 parmi les \u00ab\u00a0featured speakers\u00a0\u00bb de cette \u00e9dition, aux c\u00f4t\u00e9s notamment de la championne olympique <a href=\"https:\/\/www.lalibre.be\/sports\/omnisports\/2026\/08\/31\/nafi-thiam-de-retour-a-lheptathlon-apres-un-an-dabsence-RYMGDQF5P5CFJMDZN2HOYFU5IM\/\" target=\"_self\" rel=\"nofollow noopener\">Nafissatou Thiam<\/a> et de plusieurs personnalit\u00e9s du monde des m\u00e9dias et de l&rsquo;entrepreneuriat.<\/p>\n<p class=\"ap-StoryElement ap-StoryElement--mb ap-StoryText\">Et l&rsquo;entreprise entend manifestement faire de sa pr\u00e9sence un moment fort de l&rsquo;\u00e9v\u00e9nement. Le CEO Pass comprend notamment un \u00ab\u00a0meet &amp; greet\u00a0\u00bb avec <a href=\"https:\/\/www.lalibre.be\/sports\/football\/2026\/08\/28\/eden-hazard-se-livre-sur-sa-vie-apres-le-football-voici-ce-qui-me-manque-PHQIYAV7GJDSDN44WTGAQ5LA3Q\/\" target=\"_self\" rel=\"nofollow noopener\">Eden Hazard<\/a> le samedi.<\/p>\n<p class=\"ap-StoryElement ap-StoryElement--mb ap-StoryText\">De quoi offrir \u00e0 l&rsquo;ancien num\u00e9ro 10 une nouvelle sc\u00e8ne, apr\u00e8s celles des plus grands stades europ\u00e9ens. Cette fois, pas question de dribbler un d\u00e9fenseur : Hazard devra convaincre un public de chefs d&rsquo;entreprise.<\/p>\n","protected":false},"excerpt":{"rendered":"Une nouvelle casquette pour le Belge, qui partage d\u00e9sormais son exp\u00e9rience autrement. Face \u00e0 un public compos\u00e9 notamment&hellip;\n","protected":false},"author":2,"featured_media":240142,"comment_status":"","ping_status":"","sticky":false,"template":"","format":"standard","meta":{"footnotes":"","_share_on_mastodon":"0"},"categories":[81],"tags":[196,12,13,6872,18,17,74674,5661,6654,151,1230,473,108,985,84],"class_list":["post-240141","post","type-post","status-publish","format-standard","has-post-thumbnail","category-sports","tag-album","tag-be","tag-be-fr","tag-belge","tag-belgique","tag-belgium","tag-beyah","tag-damso","tag-eden-hazard","tag-france","tag-hip-hop","tag-interview","tag-musique","tag-rap","tag-sports"],"share_on_mastodon":{"url":"https:\/\/pubeurope.com\/@be_fr\/117217882437170599","error":""},"_links":{"self":[{"href":"https:\/\/www.europesays.com\/be-fr\/wp-json\/wp\/v2\/posts\/240141","targetHints":{"allow":["GET"]}}],"collection":[{"href":"https:\/\/www.europesays.com\/be-fr\/wp-json\/wp\/v2\/posts"}],"about":[{"href":"https:\/\/www.europesays.com\/be-fr\/wp-json\/wp\/v2\/types\/post"}],"author":[{"embeddable":true,"href":"https:\/\/www.europesays.com\/be-fr\/wp-json\/wp\/v2\/users\/2"}],"replies":[{"embeddable":true,"href":"https:\/\/www.europesays.com\/be-fr\/wp-json\/wp\/v2\/comments?post=240141"}],"version-history":[{"count":0,"href":"https:\/\/www.europesays.com\/be-fr\/wp-json\/wp\/v2\/posts\/240141\/revisions"}],"wp:featuredmedia":[{"embeddable":true,"href":"https:\/\/www.europesays.com\/be-fr\/wp-json\/wp\/v2\/media\/240142"}],"wp:attachment":[{"href":"https:\/\/www.europesays.com\/be-fr\/wp-json\/wp\/v2\/media?parent=240141"}],"wp:term":[{"taxonomy":"category","embeddable":true,"href":"https:\/\/www.europesays.com\/be-fr\/wp-json\/wp\/v2\/categories?post=240141"},{"taxonomy":"post_tag","embeddable":true,"href":"https:\/\/www.europesays.com\/be-fr\/wp-json\/wp\/v2\/tags?post=240141"}],"curies":[{"name":"wp","href":"https:\/\/api.w.org\/{rel}","templated":true}]}}