{"id":240153,"date":"2026-09-05T10:25:12","date_gmt":"2026-09-05T10:25:12","guid":{"rendered":"https:\/\/www.europesays.com\/be-fr\/240153\/"},"modified":"2026-09-05T10:25:12","modified_gmt":"2026-09-05T10:25:12","slug":"proces-lindsay-clancy-triple-infanticide-sans-verdict-aux-etats-unis","status":"publish","type":"post","link":"https:\/\/www.europesays.com\/be-fr\/240153\/","title":{"rendered":"Proc\u00e8s Lindsay Clancy\u00a0: triple infanticide sans verdict aux \u00c9tats-Unis"},"content":{"rendered":"<p>  <img decoding=\"async\" class=\"r-img lazyloaded\" src=\"https:\/\/www.europesays.com\/be-fr\/wp-content\/uploads\/2026\/09\/1788603910_708_mouchet.jpg\" alt=\"Adrien Mouchet\"\/><\/p>\n<p>Par <a href=\"https:\/\/www.rtl.be\/343111\/dpi-authors\/adrien-mouchet\" rel=\"nofollow noopener\" target=\"_blank\">Adrien Mouchet<\/a><\/p>\n<p>\tPubli\u00e9 le 05 septembre \u00e0 11h17\n<\/p>\n<p>  <a href=\"https:\/\/www.google.com\/preferences\/source?q=rtl%20info\" class=\"r-link--google-favorites\" role=\"button\">Ajoutez-nous \u00e0 vos favoris Google<\/a><br \/>\n\tAccus\u00e9e d\u2019avoir tu\u00e9 ses trois enfants en 2023, Lindsay Clancy a vu son proc\u00e8s s\u2019achever sans verdict. Une affaire tr\u00e8s m\u00e9diatis\u00e9e, sur laquelle Donald Trump a r\u00e9agi.<\/p>\n<p>&#13;<br \/>\n&#13;<\/p>\n<p>Le proc\u00e8s de Lindsay Clancy, une Am\u00e9ricaine accus\u00e9e d\u2019avoir tu\u00e9 ses trois jeunes enfants, s\u2019est achev\u00e9 sans verdict dans le Massachusetts. Apr\u00e8s sept jours de d\u00e9lib\u00e9rations, les douze jur\u00e9s n\u2019ont pas r\u00e9ussi \u00e0 se mettre d\u2019accord. Le juge a donc d\u00e9clar\u00e9 le proc\u00e8s nul.<\/p>\n<p>\n  &#13;<br \/>\n  \u00c0 lire aussi&#13;<br \/>\n  &#13;<\/p>\n<p>  <img decoding=\"async\" class=\"r-img\"  typeof=\"foaf:Image\" src=\"https:\/\/www.europesays.com\/be-fr\/wp-content\/uploads\/2026\/09\/70760028.jpeg\" alt=\"congelo.jpg\"\/><br \/>\n        <a class=\"r-stories--link\" href=\"https:\/\/www.rtl.be\/actu\/monde\/france\/une-maman-laisse-ses-bebes-mourir-et-les-conserve-dans-le-congelateur-sa\/2026-03-27\/article\/783974\" rel=\"nofollow noopener\" target=\"_blank\">Une maman laisse ses b\u00e9b\u00e9s mourir et les conserve dans le cong\u00e9lateur\u00a0: sa condamnation est tomb\u00e9e<\/a>&#13;<br \/>\n  &#13;<br \/>\n&#13;\n<\/p>\n<p>L\u2019affaire remonte au 24 janvier 2023. Lindsay Clancy, alors \u00e2g\u00e9e de 32 ans et infirmi\u00e8re en maternit\u00e9, se trouve \u00e0 son domicile de Duxbury avec ses trois enfants\u00a0: Cora, 5 ans, Dawson, 3 ans, et Callan, \u00e2g\u00e9 de quelques mois.<\/p>\n<p>&#13;<br \/>\n&#13;<\/p>\n<p>&#13;<br \/>\n&#13;<\/p>\n<p>Ce soir-l\u00e0, son mari quitte bri\u00e8vement la maison pour aller chercher un repas et un m\u00e9dicament. \u00c0 son retour, il d\u00e9couvre Lindsay Clancy gri\u00e8vement bless\u00e9e apr\u00e8s avoir saut\u00e9 d\u2019une fen\u00eatre, dans ce qui est pr\u00e9sent\u00e9 comme une tentative de suicide. Dans le sous-sol, il retrouve leurs trois enfants \u00e9trangl\u00e9s avec des bandes d\u2019exercice. Cora et Dawson meurent peu apr\u00e8s, Callan trois jours plus tard.<\/p>\n<p>La responsabilit\u00e9 p\u00e9nale au c\u0153ur du proc\u00e8s<\/p>\n<p>Lindsay Clancy ne conteste pas avoir tu\u00e9 ses enfants. Toute la question du proc\u00e8s \u00e9tait de savoir si elle pouvait \u00eatre tenue p\u00e9nalement responsable de ses actes.<\/p>\n<p>\n  <img decoding=\"async\" data-copyright=\"Reuters\" class=\"r-img lazy\" data-  src=\"https:\/\/www.europesays.com\/be-fr\/wp-content\/uploads\/2026\/09\/100330423.jpeg\" typeof=\"foaf:Image\" alt=\"Lindsay Clancy\"\/><img decoding=\"async\" class=\"r-img\" src=\"https:\/\/www.europesays.com\/be-fr\/wp-content\/uploads\/2026\/09\/100330423.jpeg\" alt=\"Lindsay Clancy\"\/>Lindsay Clancy &#8211; Reuters\n<\/p>\n<p>Sa d\u00e9fense affirme qu\u2019elle souffrait d\u2019une grave maladie mentale, notamment d\u2019une psychose post-partum. Dans les mois pr\u00e9c\u00e9dant les faits, elle avait consult\u00e9 pour des probl\u00e8mes psychiatriques, re\u00e7u plusieurs traitements et effectu\u00e9 un s\u00e9jour dans un \u00e9tablissement sp\u00e9cialis\u00e9. Un expert de la d\u00e9fense a \u00e9galement rapport\u00e9 qu\u2019elle disait avoir entendu une voix lui ordonnant de tuer ses enfants puis de se suicider.<\/p>\n<p>&#13;<br \/>\n&#13;<\/p>\n<p>&#13;<br \/>\n&#13;<\/p>\n<p>\n  &#13;<br \/>\n  \u00c0 lire aussi&#13;<br \/>\n  &#13;<\/p>\n<p>  <img decoding=\"async\" data-copyright=\"AFP\" class=\"r-img\"  typeof=\"foaf:Image\" src=\"https:\/\/www.europesays.com\/be-fr\/wp-content\/uploads\/2026\/09\/93798686.jpeg\" alt=\"Images du domicile d\u2019un couple \u00e0 Orange dans le Vaucluse, o\u00f9 les cinq corps de b\u00e9b\u00e9s morts ont \u00e9t\u00e9 retrouv\u00e9s.\"\/><br \/>\n        <a class=\"r-stories--link\" href=\"https:\/\/www.rtl.be\/actu\/monde\/france\/cinq-corps-de-bebes-retrouves-dans-des-cartons-au-domicile-dun-couple-pres\/2026-07-28\/article\/795767\" rel=\"nofollow noopener\" target=\"_blank\">Cinq corps de b\u00e9b\u00e9s retrouv\u00e9s dans des cartons au domicile d\u2019un couple pr\u00e8s d\u2019Avignon\u00a0: \u00ab\u00a0C\u2019\u00e9taient des gens normaux\u00a0\u00bb<\/a>&#13;<br \/>\n  &#13;<br \/>\n&#13;\n<\/p>\n<p>L\u2019accusation estime au contraire qu\u2019elle savait ce qu\u2019elle faisait. Les procureurs ont notamment soulign\u00e9 qu\u2019elle avait envoy\u00e9 son mari faire des courses avant les meurtres et soutiennent qu\u2019elle avait planifi\u00e9 ses actes.<\/p>\n<p>Aucun verdict<\/p>\n<p>Apr\u00e8s plusieurs semaines d\u2019un proc\u00e8s qui a commenc\u00e9 le 27 juillet dernier, le jury s\u2019est retrouv\u00e9 dans l\u2019impasse. La d\u00e9fense affirme qu\u2019un seul jur\u00e9 aurait emp\u00each\u00e9 l\u2019acquittement de Lindsay Clancy. La r\u00e9partition exacte des votes n\u2019a toutefois pas \u00e9t\u00e9 rendue publique.<\/p>\n<p>Le proc\u00e8s ayant \u00e9t\u00e9 d\u00e9clar\u00e9 nul le 4 septembre, Lindsay Clancy n\u2019est donc ni acquitt\u00e9e ni condamn\u00e9e. Le parquet doit d\u00e9sormais d\u00e9cider s\u2019il organisera un nouveau proc\u00e8s devant un autre jury.<\/p>\n<p>\n  &#13;<br \/>\n  \u00c0 lire aussi&#13;<br \/>\n  &#13;<\/p>\n<p>  <img decoding=\"async\" class=\"r-img\"  typeof=\"foaf:Image\" src=\"https:\/\/www.europesays.com\/be-fr\/wp-content\/uploads\/2026\/09\/46597784.jpeg\" alt=\"pierre .jpg\"\/><br \/>\n        <a class=\"r-stories--link\" href=\"https:\/\/www.rtl.be\/actu\/regions\/liege\/une-maman-se-jette-du-viaduc-de-remouchamps-avec-son-bebe-dans-les-bras-jai\/2025-08-07\/article\/759205\" rel=\"nofollow noopener\" target=\"_blank\">Une maman se jette du viaduc de Remouchamps avec son b\u00e9b\u00e9 dans les bras\u00a0: \u00ab\u00a0J\u2019ai entendu l\u2019h\u00e9licopt\u00e8re\u00a0\u00bb, t\u00e9moigne un riverain<\/a>&#13;<br \/>\n  &#13;<br \/>\n&#13;\n<\/p>\n<p>L\u2019affaire, tr\u00e8s suivie aux \u00c9tats-Unis, a \u00e9galement relanc\u00e9 le d\u00e9bat sur la sant\u00e9 mentale apr\u00e8s l\u2019accouchement et la prise en charge des m\u00e8res souffrant de troubles psychiatriques.<\/p>\n<p>\n  <img decoding=\"async\" data-copyright=\"Reuters\" class=\"r-img lazy\" data-  src=\"https:\/\/www.europesays.com\/be-fr\/wp-content\/uploads\/2026\/09\/100330482.jpeg\" typeof=\"foaf:Image\" alt=\"Lindsay Clancy\"\/><img decoding=\"async\" class=\"r-img\" src=\"https:\/\/www.europesays.com\/be-fr\/wp-content\/uploads\/2026\/09\/100330482.jpeg\" alt=\"Lindsay Clancy\"\/>Lindsay Clancy &#8211; Reuters\n<\/p>\n<p>Donald Trump r\u00e9agit<\/p>\n<p>Le pr\u00e9sident am\u00e9ricain Donald Trump a lui aussi r\u00e9agi \u00e0 l\u2019issue du proc\u00e8s. Interrog\u00e9 vendredi, il a expliqu\u00e9 avoir suivi une grande partie de l\u2019affaire, tr\u00e8s pr\u00e9sente \u00e0 la t\u00e9l\u00e9vision am\u00e9ricaine, et a qualifi\u00e9 les faits d\u2019\u00ab\u00a0horrible trag\u00e9die\u00a0\u00bb.<\/p>\n<p>\u00ab\u00a0Elle a fait quelque chose d\u2019horrible, d\u2019horrible\u00a0\u00bb, a-t-il d\u00e9clar\u00e9. Donald Trump estime que Lindsay Clancy devra \u00ab\u00a0payer un prix\u00a0\u00bb et \u00e9voque comme issues possibles un placement en institution psychiatrique ou une peine de prison. Il a \u00e9galement dit s\u2019attendre \u00e0 l\u2019organisation d\u2019un nouveau proc\u00e8s.<\/p>\n<p>&#13;<br \/>\n&#13;<\/p>\n<p>&#13;<br \/>\n&#13;<\/p>\n<p><a class=\"r-btn r-btn--tag\" href=\"https:\/\/www.rtl.be\/333474\/locations\/etats-unis\" title=\"\u00c9tats-Unis\" rel=\"nofollow noopener\" target=\"_blank\">\u00c9tats-Unis<\/a><br \/>\n<a class=\"r-btn r-btn--tag\" href=\"https:\/\/www.rtl.be\/386943\/locations\/brookline\" title=\"Brookline\" rel=\"nofollow noopener\" target=\"_blank\">Brookline<\/a><br \/>\n<a class=\"r-btn r-btn--tag\" href=\"https:\/\/www.rtl.be\/333516\/persons\/donald-trump\" title=\"Donald Trump\" rel=\"nofollow noopener\" target=\"_blank\">Donald Trump<\/a><\/p>\n","protected":false},"excerpt":{"rendered":"Par Adrien Mouchet Publi\u00e9 le 05 septembre \u00e0 11h17 Ajoutez-nous \u00e0 vos favoris Google Accus\u00e9e d\u2019avoir tu\u00e9 ses&hellip;\n","protected":false},"author":2,"featured_media":240154,"comment_status":"","ping_status":"","sticky":false,"template":"","format":"standard","meta":{"footnotes":"","_share_on_mastodon":"0"},"categories":[8],"tags":[10,12,13,18,17,34,74676,60777,74681,11,74675,74680,74677,74682,74678,74679],"class_list":["post-240153","post","type-post","status-publish","format-standard","has-post-thumbnail","category-actualites","tag-actualites","tag-be","tag-be-fr","tag-belgique","tag-belgium","tag-donald-trump","tag-infanticide-massachusetts","tag-lindsay-clancy","tag-meurtre-enfants","tag-news","tag-proces-lindsay-clancy","tag-proces-nul","tag-psychose-post-partum","tag-responsabilite-penale","tag-sante-mentale-maternelle","tag-verdict-jury"],"share_on_mastodon":{"url":"https:\/\/pubeurope.com\/@be_fr\/117217953917775005","error":""},"_links":{"self":[{"href":"https:\/\/www.europesays.com\/be-fr\/wp-json\/wp\/v2\/posts\/240153","targetHints":{"allow":["GET"]}}],"collection":[{"href":"https:\/\/www.europesays.com\/be-fr\/wp-json\/wp\/v2\/posts"}],"about":[{"href":"https:\/\/www.europesays.com\/be-fr\/wp-json\/wp\/v2\/types\/post"}],"author":[{"embeddable":true,"href":"https:\/\/www.europesays.com\/be-fr\/wp-json\/wp\/v2\/users\/2"}],"replies":[{"embeddable":true,"href":"https:\/\/www.europesays.com\/be-fr\/wp-json\/wp\/v2\/comments?post=240153"}],"version-history":[{"count":0,"href":"https:\/\/www.europesays.com\/be-fr\/wp-json\/wp\/v2\/posts\/240153\/revisions"}],"wp:featuredmedia":[{"embeddable":true,"href":"https:\/\/www.europesays.com\/be-fr\/wp-json\/wp\/v2\/media\/240154"}],"wp:attachment":[{"href":"https:\/\/www.europesays.com\/be-fr\/wp-json\/wp\/v2\/media?parent=240153"}],"wp:term":[{"taxonomy":"category","embeddable":true,"href":"https:\/\/www.europesays.com\/be-fr\/wp-json\/wp\/v2\/categories?post=240153"},{"taxonomy":"post_tag","embeddable":true,"href":"https:\/\/www.europesays.com\/be-fr\/wp-json\/wp\/v2\/tags?post=240153"}],"curies":[{"name":"wp","href":"https:\/\/api.w.org\/{rel}","templated":true}]}}