{"id":240179,"date":"2026-09-05T10:55:15","date_gmt":"2026-09-05T10:55:15","guid":{"rendered":"https:\/\/www.europesays.com\/be-fr\/240179\/"},"modified":"2026-09-05T10:55:15","modified_gmt":"2026-09-05T10:55:15","slug":"affaire-patrick-bruel-les-consequences-financieres-des-accusations-visant-le-chanteur-sur-sa-compagne-clemence","status":"publish","type":"post","link":"https:\/\/www.europesays.com\/be-fr\/240179\/","title":{"rendered":"Affaire Patrick Bruel : les cons\u00e9quences financi\u00e8res des accusations visant le chanteur sur sa compagne Cl\u00e9mence"},"content":{"rendered":"<p class=\"mb-4 text-lg md:leading-8 break-words\">Les accusations visant Patrick Bruel ont aussi des cons\u00e9quences sur sa compagne Cl\u00e9mence, dont la situation professionnelle a bascul\u00e9.<br \/>Depuis plusieurs mois, les r\u00e9percussions de l&rsquo;affaire visant Patrick Bruel d\u00e9passent d\u00e9sormais sa carri\u00e8re artistique. Alors que le chanteur conteste les faits qui lui sont reproch\u00e9s et <a data-ylk=\"slk:qu&#039;il a annul\u00e9 sa tourn\u00e9e,;elm:context_link;itc:0;sec:content-canvas;\" data-yga=\"{&quot;yLinkElement&quot;:&quot;link&quot;,&quot;yLinkElementType&quot;:&quot;article_link&quot;}\" href=\"https:\/\/www.grazia.fr\/people\/patrick-bruel-annule-sa-tournee-les-avocates-des-plaignantes-ne-cachent-pas-leur-grand-soulagement-1276719.html\" rel=\"noopener noreferrer nofollow\" target=\"_blank\">qu&rsquo;il a annul\u00e9 sa tourn\u00e9e,<\/a> son entourage doit lui aussi composer avec cette situation. Parmi ses proches, Cl\u00e9mence, sa compagne depuis plusieurs ann\u00e9es, serait directement touch\u00e9e sur le plan professionnel.<\/p>\n<p class=\"mb-4 text-lg md:leading-8 break-words\">Jusqu&rsquo;ici tr\u00e8s discr\u00e8te, la jeune femme avait pourtant continu\u00e9 \u00e0 soutenir l&rsquo;artiste lorsque les accusations avaient pris une nouvelle ampleur. Un choix qui aurait aujourd&rsquo;hui des cons\u00e9quences financi\u00e8res importantes pour elle. En juin dernier, Voici rapportait que Cl\u00e9mence \u00e9tait toujours pr\u00e9sente aux c\u00f4t\u00e9s de Patrick Bruel. Dans la sph\u00e8re priv\u00e9e, le chanteur aurait d&rsquo;ailleurs conserv\u00e9 certaines de ses habitudes et continu\u00e9 \u00e0 partager des moments avec ses amis.<\/p>\n<p>Cl\u00e9mence Ch\u00e9rier, la compagne de Patrick Bruel, \u00ab\u00a0n&rsquo;a plus de boulot\u00a0\u00bb<\/p>\n<p class=\"mb-4 text-lg md:leading-8 break-words\">Sa compagne, elle, poursuivait ses activit\u00e9s professionnelles. Le 26 juin, elle avait notamment maintenu le festival des Sables-d&rsquo;Olonne qu&rsquo;elle organise depuis deux ans. L\u00e9on Hesby, le fils cadet de Patrick Bruel et d&rsquo;Amanda Sthers, figurait parmi les artistes invit\u00e9s lors de cette \u00e9dition. Un \u00e9v\u00e9nement que Cl\u00e9mence avait donc choisi de mener \u00e0 son terme malgr\u00e9 le contexte. Mais sa situation aurait depuis chang\u00e9.<\/p>\n<p class=\"mb-4 text-lg md:leading-8 break-words\">Selon les <a data-ylk=\"slk:informations publi\u00e9es par;elm:context_link;itc:0;sec:content-canvas;\" data-yga=\"{&quot;yLinkElement&quot;:&quot;link&quot;,&quot;yLinkElementType&quot;:&quot;article_link&quot;}\" href=\"https:\/\/www.parismatch.com\/People\/si-je-suis-dans-un-etat-dexcitation-extreme-cest-que-lautre-lest-aussi-affaire-bruel-lenquete-exclusive-275105\" rel=\"noopener noreferrer nofollow\" target=\"_blank\">informations publi\u00e9es par <\/a><a data-ylk=\"slk:Paris Match;elm:context_link;itc:0;sec:content-canvas;\" data-yga=\"{&quot;yLinkElement&quot;:&quot;link&quot;,&quot;yLinkElementType&quot;:&quot;article_link&quot;}\" href=\"https:\/\/www.parismatch.com\/People\/si-je-suis-dans-un-etat-dexcitation-extreme-cest-que-lautre-lest-aussi-affaire-bruel-lenquete-exclusive-275105\" rel=\"noopener noreferrer nofollow\" target=\"_blank\">Paris Match<\/a> ce 3 septembre, <a data-ylk=\"slk:Cl\u00e9mence Ch\u00e9rier;elm:context_link;itc:0;sec:content-canvas;\" data-yga=\"{&quot;yLinkElement&quot;:&quot;link&quot;,&quot;yLinkElementType&quot;:&quot;article_link&quot;}\" href=\"https:\/\/www.grazia.fr\/people\/patrick-bruel-67-ans-qui-est-clemence-cherier-sa-compagne-de-32-ans-sa-cadette-1205672.html\" rel=\"noopener noreferrer nofollow\" target=\"_blank\">Cl\u00e9mence Ch\u00e9rier<\/a><\/p>\n<p class=\"mb-4 text-lg md:leading-8 break-words\">ne travaillerait d\u00e9sormais plus pour Radar Films, soci\u00e9t\u00e9 \u00e9voluant dans la production audiovisuelle. Patrick Bruel aurait lui-m\u00eame \u00e9voqu\u00e9 les difficult\u00e9s rencontr\u00e9es par sa compagne aupr\u00e8s de son entourage : \u00ab\u00a0Cl\u00e9mence n&rsquo;a plus de boulot \u00e0 cause de moi\u00a0\u00bb, aurait ainsi confi\u00e9 le chanteur \u00e0 ses proches.<\/p>\n<p>Qui est la compagne du chanteur ?<\/p>\n<p class=\"mb-4 text-lg md:leading-8 break-words\">Une phrase qui montre combien il mesurerait les r\u00e9percussions professionnelles et donc financi\u00e8res que l&rsquo;affaire peut avoir sur celle qui partage sa vie depuis plus de huit ans. Le r\u00f4le de Cl\u00e9mence aupr\u00e8s de Patrick Bruel s&rsquo;\u00e9tait \u00e9galement manifest\u00e9 <a data-ylk=\"slk:durant les 48 heures de garde \u00e0 vue de l&#039;artiste;elm:context_link;itc:0;sec:content-canvas;\" data-yga=\"{&quot;yLinkElement&quot;:&quot;link&quot;,&quot;yLinkElementType&quot;:&quot;article_link&quot;}\" href=\"https:\/\/www.grazia.fr\/people\/patrick-bruel-en-garde-a-vue-les-revelations-chocs-sur-ses-48-heures-face-aux-enqueteurs-1277342.html\" rel=\"noopener noreferrer nofollow\" target=\"_blank\">durant les 48 heures de garde \u00e0 vue de l&rsquo;artiste<\/a>. Paris Match r\u00e9v\u00e8le que le chanteur avait utilis\u00e9 son unique appel t\u00e9l\u00e9phonique pour la joindre.<\/p>\n<p class=\"mb-4 text-lg md:leading-8 break-words\">Leur conversation aurait dur\u00e9 environ quinze minutes. Devant les enqu\u00eateurs, Patrick Bruel avait par ailleurs parl\u00e9 de l&rsquo;impact de la situation sur sa famille, notamment sur ses fils Oscar et L\u00e9on. Lorsqu&rsquo;il avait abord\u00e9 sa compagne et sa m\u00e8re, l&rsquo;\u00e9motion aurait finalement pris le dessus. Patrick Bruel avait alors d\u00e9crit sa relation avec Cl\u00e9mence comme une \u00ab\u00a0histoire douce et paisible depuis plus de huit ans\u00a0\u00bb. Une relation qui traverse aujourd&rsquo;hui une p\u00e9riode particuli\u00e8rement expos\u00e9e, alors que la jeune femme avait jusqu&rsquo;\u00e0 pr\u00e9sent toujours cultiv\u00e9 la discr\u00e9tion. Son d\u00e9part de Radar Films constitue d\u00e9sormais une cons\u00e9quence tr\u00e8s concr\u00e8te de cette p\u00e9riode sur sa propre vie. Malgr\u00e9 cette situation, elle semble continuer \u00e0 d\u00e9velopper ses projets, comme l&rsquo;a montr\u00e9 le maintien de son festival cet \u00e9t\u00e9. Tandis que l&rsquo;affaire concernant Patrick Bruel suit son cours, Cl\u00e9mence doit ainsi faire face \u00e0 des bouleversements professionnels qui touchent directement son ind\u00e9pendance et ses revenus.<\/p>\n","protected":false},"excerpt":{"rendered":"Les accusations visant Patrick Bruel ont aussi des cons\u00e9quences sur sa compagne Cl\u00e9mence, dont la situation professionnelle a&hellip;\n","protected":false},"author":2,"featured_media":240180,"comment_status":"","ping_status":"","sticky":false,"template":"","format":"standard","meta":{"footnotes":"","_share_on_mastodon":"0"},"categories":[98],"tags":[1378,74685,74683,74684,12,13,18,17,70695,14672,74686,74689,96,95,42705,107,108,8476,74687,3214,71500,74688,1182],"class_list":["post-240179","post","type-post","status-publish","format-standard","has-post-thumbnail","category-musique","tag-un","tag-aurait-ainsi-confie-le-chanteur-a-ses","tag-aurait-depuis-change","tag-aurait-dure","tag-be","tag-be-fr","tag-belgique","tag-belgium","tag-castel-franck-abaca","tag-clemence","tag-clemence-cherier","tag-clemence-doit-ainsi-faire","tag-divertissement","tag-entertainment","tag-leon-hesby","tag-music","tag-musique","tag-paris-match","tag-paris-match-ce-3-septembre","tag-patrick-bruel","tag-shutterstock-les","tag-un-evenement-que-clemence","tag-une"],"share_on_mastodon":{"url":"https:\/\/pubeurope.com\/@be_fr\/117218071157794034","error":""},"_links":{"self":[{"href":"https:\/\/www.europesays.com\/be-fr\/wp-json\/wp\/v2\/posts\/240179","targetHints":{"allow":["GET"]}}],"collection":[{"href":"https:\/\/www.europesays.com\/be-fr\/wp-json\/wp\/v2\/posts"}],"about":[{"href":"https:\/\/www.europesays.com\/be-fr\/wp-json\/wp\/v2\/types\/post"}],"author":[{"embeddable":true,"href":"https:\/\/www.europesays.com\/be-fr\/wp-json\/wp\/v2\/users\/2"}],"replies":[{"embeddable":true,"href":"https:\/\/www.europesays.com\/be-fr\/wp-json\/wp\/v2\/comments?post=240179"}],"version-history":[{"count":0,"href":"https:\/\/www.europesays.com\/be-fr\/wp-json\/wp\/v2\/posts\/240179\/revisions"}],"wp:featuredmedia":[{"embeddable":true,"href":"https:\/\/www.europesays.com\/be-fr\/wp-json\/wp\/v2\/media\/240180"}],"wp:attachment":[{"href":"https:\/\/www.europesays.com\/be-fr\/wp-json\/wp\/v2\/media?parent=240179"}],"wp:term":[{"taxonomy":"category","embeddable":true,"href":"https:\/\/www.europesays.com\/be-fr\/wp-json\/wp\/v2\/categories?post=240179"},{"taxonomy":"post_tag","embeddable":true,"href":"https:\/\/www.europesays.com\/be-fr\/wp-json\/wp\/v2\/tags?post=240179"}],"curies":[{"name":"wp","href":"https:\/\/api.w.org\/{rel}","templated":true}]}}