{"id":240209,"date":"2026-09-05T11:17:20","date_gmt":"2026-09-05T11:17:20","guid":{"rendered":"https:\/\/www.europesays.com\/be-fr\/240209\/"},"modified":"2026-09-05T11:17:20","modified_gmt":"2026-09-05T11:17:20","slug":"lindividu-arrete-avec-une-arme-a-bruxelles-midi-place-en-detention-provisoire","status":"publish","type":"post","link":"https:\/\/www.europesays.com\/be-fr\/240209\/","title":{"rendered":"L&rsquo;individu arr\u00eat\u00e9 avec une arme \u00e0 Bruxelles-Midi plac\u00e9 en d\u00e9tention provisoire"},"content":{"rendered":"<p class=\"ap-StoryElement ap-StoryElement--mb ap-StoryText\">Cet individu de 23 ans est soup\u00e7onn\u00e9 d&rsquo;appartenance \u00e0 une organisation criminelle et de d\u00e9tention d&rsquo;une arme interdite. Il compara\u00eetra mercredi devant la chambre du conseil de Bruxelles.<\/p>\n<p class=\"ap-StoryElement ap-StoryElement--mb ap-StoryText\">Le parquet de Bruxelles avait annonc\u00e9 vendredi que l&rsquo;individu avait \u00e9t\u00e9 priv\u00e9 de libert\u00e9 et que le minist\u00e8re public avait ouvert une enqu\u00eate.<\/p>\n<p class=\"ap-StoryElement ap-StoryElement--mb ap-StoryText\">Selon le quotidien Het Laatste Nieuws, l&rsquo;homme a \u00e9t\u00e9 rep\u00e9r\u00e9 jeudi vers 9h30 \u00e0 Bruxelles-Midi par des douaniers. Il a attir\u00e9 leur attention en se montrant nerveux et en semblant vouloir \u00e9chapper au contr\u00f4le. Alors qu&rsquo;il tentait de se fondre dans un groupe de passagers de l&rsquo;Eurostar, il a \u00e9t\u00e9 isol\u00e9 de la foule et soumis \u00e0 un contr\u00f4le approfondi.<\/p>\n","protected":false},"excerpt":{"rendered":"Cet individu de 23 ans est soup\u00e7onn\u00e9 d&rsquo;appartenance \u00e0 une organisation criminelle et de d\u00e9tention d&rsquo;une arme interdite.&hellip;\n","protected":false},"author":2,"featured_media":240210,"comment_status":"","ping_status":"","sticky":false,"template":"","format":"standard","meta":{"footnotes":"","_share_on_mastodon":"0"},"categories":[8],"tags":[10,2387,12,13,18,17,19,23,11],"class_list":["post-240209","post","type-post","status-publish","format-standard","has-post-thumbnail","category-actualites","tag-actualites","tag-agenda","tag-be","tag-be-fr","tag-belgique","tag-belgium","tag-bxlcap","tag-judiciaire","tag-news"],"share_on_mastodon":{"url":"https:\/\/pubeurope.com\/@be_fr\/117218157730966169","error":""},"_links":{"self":[{"href":"https:\/\/www.europesays.com\/be-fr\/wp-json\/wp\/v2\/posts\/240209","targetHints":{"allow":["GET"]}}],"collection":[{"href":"https:\/\/www.europesays.com\/be-fr\/wp-json\/wp\/v2\/posts"}],"about":[{"href":"https:\/\/www.europesays.com\/be-fr\/wp-json\/wp\/v2\/types\/post"}],"author":[{"embeddable":true,"href":"https:\/\/www.europesays.com\/be-fr\/wp-json\/wp\/v2\/users\/2"}],"replies":[{"embeddable":true,"href":"https:\/\/www.europesays.com\/be-fr\/wp-json\/wp\/v2\/comments?post=240209"}],"version-history":[{"count":0,"href":"https:\/\/www.europesays.com\/be-fr\/wp-json\/wp\/v2\/posts\/240209\/revisions"}],"wp:featuredmedia":[{"embeddable":true,"href":"https:\/\/www.europesays.com\/be-fr\/wp-json\/wp\/v2\/media\/240210"}],"wp:attachment":[{"href":"https:\/\/www.europesays.com\/be-fr\/wp-json\/wp\/v2\/media?parent=240209"}],"wp:term":[{"taxonomy":"category","embeddable":true,"href":"https:\/\/www.europesays.com\/be-fr\/wp-json\/wp\/v2\/categories?post=240209"},{"taxonomy":"post_tag","embeddable":true,"href":"https:\/\/www.europesays.com\/be-fr\/wp-json\/wp\/v2\/tags?post=240209"}],"curies":[{"name":"wp","href":"https:\/\/api.w.org\/{rel}","templated":true}]}}