{"id":240249,"date":"2026-09-05T12:02:14","date_gmt":"2026-09-05T12:02:14","guid":{"rendered":"https:\/\/www.europesays.com\/be-fr\/240249\/"},"modified":"2026-09-05T12:02:14","modified_gmt":"2026-09-05T12:02:14","slug":"la-famille-de-philippe-bouvard-victime-dun-cambriolage-pendant-les-funerailles-de-lanimateur","status":"publish","type":"post","link":"https:\/\/www.europesays.com\/be-fr\/240249\/","title":{"rendered":"La famille de Philippe Bouvard victime d&rsquo;un cambriolage pendant les fun\u00e9railles de l&rsquo;animateur"},"content":{"rendered":"<p class=\"ap-StoryElement ap-StoryElement--mb ap-StoryText\">Philippe Bouvard, animateur radio embl\u00e9matique et cr\u00e9ateur des Grosses T\u00eates sur RTL, est d\u00e9c\u00e9d\u00e9 le 24 septembre dernier, \u00e0 l&rsquo;\u00e2ge de 96 ans. Il a laiss\u00e9 derri\u00e8re lui sa femme Colette, leurs deux filles, mais aussi tout un paysage m\u00e9diatique fran\u00e7ais en deuil. Celui-ci s&rsquo;est r\u00e9uni le 31 aout \u00e0 Cannes pour un dernier au revoir au journaliste.<\/p>\n<p class=\"ap-StoryElement ap-StoryElement--mb ap-StoryText\"><a href=\"https:\/\/www.parismatch.be\/actualites\/people\/2026\/08\/31\/obseques-de-philippe-bouvard-chantal-ladesou-julien-lepers-son-epouse-colette-le-dernier-hommage-a-lanimateur-inoubliable-des-grosses-tetes-2Q5VGT2LURCJFEEUTXCIOWMC24\/\" target=\"_self\" rel=\"nofollow noopener\">Chantal Ladesou, Julien Lepers ou encore Marianne James<\/a> ont pris part au rassemblement funeste, en l&rsquo;\u00e9glise Notre-Dame-de-Bon-Voyage, pour soutenir la famille de Philippe Bouvard. Et au-del\u00e0 du chagrin provoqu\u00e9 par cette perte, les proches de l&rsquo;animateur ont d\u00fb faire face \u00e0 une horrible d\u00e9couverte, en rentrant des obs\u00e8ques.<\/p>\n","protected":false},"excerpt":{"rendered":"Philippe Bouvard, animateur radio embl\u00e9matique et cr\u00e9ateur des Grosses T\u00eates sur RTL, est d\u00e9c\u00e9d\u00e9 le 24 septembre dernier,&hellip;\n","protected":false},"author":2,"featured_media":240250,"comment_status":"","ping_status":"","sticky":false,"template":"","format":"standard","meta":{"footnotes":"","_share_on_mastodon":"0"},"categories":[83],"tags":[12,13,18,17,4161,96,95,16423,23149,9690],"class_list":["post-240249","post","type-post","status-publish","format-standard","has-post-thumbnail","category-divertissement","tag-be","tag-be-fr","tag-belgique","tag-belgium","tag-cambriolage","tag-divertissement","tag-entertainment","tag-funerailles","tag-obseques","tag-philippe-bouvard"],"share_on_mastodon":{"url":"https:\/\/pubeurope.com\/@be_fr\/117218334842335269","error":""},"_links":{"self":[{"href":"https:\/\/www.europesays.com\/be-fr\/wp-json\/wp\/v2\/posts\/240249","targetHints":{"allow":["GET"]}}],"collection":[{"href":"https:\/\/www.europesays.com\/be-fr\/wp-json\/wp\/v2\/posts"}],"about":[{"href":"https:\/\/www.europesays.com\/be-fr\/wp-json\/wp\/v2\/types\/post"}],"author":[{"embeddable":true,"href":"https:\/\/www.europesays.com\/be-fr\/wp-json\/wp\/v2\/users\/2"}],"replies":[{"embeddable":true,"href":"https:\/\/www.europesays.com\/be-fr\/wp-json\/wp\/v2\/comments?post=240249"}],"version-history":[{"count":0,"href":"https:\/\/www.europesays.com\/be-fr\/wp-json\/wp\/v2\/posts\/240249\/revisions"}],"wp:featuredmedia":[{"embeddable":true,"href":"https:\/\/www.europesays.com\/be-fr\/wp-json\/wp\/v2\/media\/240250"}],"wp:attachment":[{"href":"https:\/\/www.europesays.com\/be-fr\/wp-json\/wp\/v2\/media?parent=240249"}],"wp:term":[{"taxonomy":"category","embeddable":true,"href":"https:\/\/www.europesays.com\/be-fr\/wp-json\/wp\/v2\/categories?post=240249"},{"taxonomy":"post_tag","embeddable":true,"href":"https:\/\/www.europesays.com\/be-fr\/wp-json\/wp\/v2\/tags?post=240249"}],"curies":[{"name":"wp","href":"https:\/\/api.w.org\/{rel}","templated":true}]}}