{"id":240273,"date":"2026-09-05T12:27:10","date_gmt":"2026-09-05T12:27:10","guid":{"rendered":"https:\/\/www.europesays.com\/be-fr\/240273\/"},"modified":"2026-09-05T12:27:10","modified_gmt":"2026-09-05T12:27:10","slug":"shailene-woodley-raconte-comment-le-role-de-ses-reves-a-ete-coupe-au-montage","status":"publish","type":"post","link":"https:\/\/www.europesays.com\/be-fr\/240273\/","title":{"rendered":"Shailene Woodley raconte comment le \u00ab\u00a0r\u00f4le de ses r\u00eaves\u00a0\u00bb a \u00e9t\u00e9 coup\u00e9 au montage"},"content":{"rendered":"<p class=\"mb-4 text-lg md:leading-8 break-words\">D\u00e9ception &#8211; L&rsquo;actrice a \u00e9t\u00e9 inform\u00e9e un an apr\u00e8s le tournage du retrait de son personnage<\/p>\n<p class=\"mb-4 text-lg md:leading-8 break-words\">Vous l&rsquo;ignorez sans doute, mais <a data-ylk=\"slk:Shailene Woodley;elm:context_link;itc:0;sec:content-canvas;\" data-yga=\"{&quot;yLinkElement&quot;:&quot;link&quot;,&quot;yLinkElementType&quot;:&quot;article_link&quot;}\" href=\"https:\/\/www.20minutes.fr\/monde\/1940627-20161011-shailene-woodley-star-divergente-arretee-lors-manifestation?at_medium=RSS%20feed&amp;at_campaign=ynews&amp;utm_source=yahoo&amp;utm_medium=rss&amp;utm_campaign=news_feed&amp;utm_content=in_article_link\" rel=\"noopener noreferrer nofollow\" target=\"_blank\">Shailene Woodley<\/a> aurait d\u00fb incarner le personnage de Mary Jane Watson dans The Amazing Spider-Man 2, \u00e0 l&rsquo;\u00e9poque o\u00f9 le costume de l&rsquo;homme-araign\u00e9e \u00e9tait dans la penderie d&rsquo;<a data-ylk=\"slk:Andrew Garfield;elm:context_link;itc:0;sec:content-canvas;\" data-yga=\"{&quot;yLinkElement&quot;:&quot;link&quot;,&quot;yLinkElementType&quot;:&quot;article_link&quot;}\" href=\"https:\/\/www.20minutes.fr\/arts-stars\/people\/4150448-20250427-andrew-garfield-veut-bien-renfiler-costume-spider-man-condition?at_medium=RSS%20feed&amp;at_campaign=ynews&amp;utm_source=yahoo&amp;utm_medium=rss&amp;utm_campaign=news_feed&amp;utm_content=in_article_link\" rel=\"noopener noreferrer nofollow\" target=\"_blank\">Andrew Garfield<\/a>. Mieux encore, l&rsquo;actrice avait tourn\u00e9 des sc\u00e8nes pour le film avec la promesse d&rsquo;\u00eatre au centre du prochain volet de la saga, le personnage de Gwen incarn\u00e9 par Emma Stone \u00e9tant destin\u00e9 \u00e0 mourir \u00e0 la fin du film.<\/p>\n<p class=\"mb-4 text-lg md:leading-8 break-words\">\u00ab J&rsquo;ai \u00e9t\u00e9 choisie pour incarner Mary Jane dans <a data-ylk=\"slk:Spider-Man;elm:context_link;itc:0;sec:content-canvas;\" data-yga=\"{&quot;yLinkElement&quot;:&quot;link&quot;,&quot;yLinkElementType&quot;:&quot;article_link&quot;}\" href=\"https:\/\/www.20minutes.fr\/gaming\/jeux_video\/4237947-20260805-spider-man-brand-new-day-inspire-scenes-jeux-video-licence?at_medium=RSS%20feed&amp;at_campaign=ynews&amp;utm_source=yahoo&amp;utm_medium=rss&amp;utm_campaign=news_feed&amp;utm_content=in_article_link\" rel=\"noopener noreferrer nofollow\" target=\"_blank\">Spider-Man<\/a>, ce qui \u00e9tait mon r\u00eave. Oh mon Dieu, Spider-Man est mon super-h\u00e9ros pr\u00e9f\u00e9r\u00e9, et Mary Jane \u00e9tait mon personnage pr\u00e9f\u00e9r\u00e9 quand j&rsquo;\u00e9tais petite \u00bb, a-t-elle racont\u00e9 dans un \u00e9pisode du format <a data-ylk=\"slk:Conversations;elm:context_link;itc:0;sec:content-canvas;\" data-yga=\"{&quot;yLinkElement&quot;:&quot;link&quot;,&quot;yLinkElementType&quot;:&quot;article_link&quot;}\" href=\"https:\/\/www.youtube.com\/watch?v=RJsx3tHDV7I&amp;at_medium=RSS%20feed&amp;at_campaign=ynews&amp;utm_source=yahoo&amp;utm_medium=rss&amp;utm_campaign=news_feed&amp;utm_content=in_article_link\" rel=\"noopener noreferrer nofollow\" target=\"_blank\">Conversations<\/a> de la SAG-AFTRA Foundation. \u00ab Alors, quand j&rsquo;ai d\u00e9croch\u00e9 le r\u00f4le, j&rsquo;\u00e9tais tellement enthousiaste. \u00bb<\/p>\n<p class=\"mb-4 text-lg md:leading-8 break-words\">Un r\u00eave devenu r\u00e9alit\u00e9 pour la star de la franchise Divergente qui \u00e9tait sur un nuage avant de recevoir un coup de fil d\u00e9cevant.<\/p>\n<p>Un appel \u00ab amusant \u00bb<\/p>\n<p class=\"mb-4 text-lg md:leading-8 break-words\">Un an apr\u00e8s le tournage, pour lequel elle avait jou\u00e9 dans trois sc\u00e8nes aux c\u00f4t\u00e9s d&rsquo;Andrew Garfield, Shailene Woodley a \u00e9t\u00e9 contact\u00e9e par l&rsquo;\u00e9quipe du film.<\/p>\n<p class=\"mb-4 text-lg md:leading-8 break-words\">\u00ab Ils m&rsquo;ont dit : \u00ab\u00a0Bon, tu n&rsquo;es plus dans le film\u00a0\u00bb. Et j&rsquo;ai r\u00e9pondu : \u00ab\u00a0Quoi ? Comment \u00e7a ?\u00a0\u00bb Et ils m&rsquo;ont expliqu\u00e9 qu&rsquo;ils avaient introduit plein de nouveaux personnages dans ce dernier volet, et qu&rsquo;ils voulaient attendre de voir ce qui va se passer entre <a data-ylk=\"slk:Emma Stone;elm:context_link;itc:0;sec:content-canvas;\" data-yga=\"{&quot;yLinkElement&quot;:&quot;link&quot;,&quot;yLinkElementType&quot;:&quot;article_link&quot;}\" href=\"https:\/\/www.20minutes.fr\/arts-stars\/people\/4078289-20240226-emma-stone-nausee-pauvres-creatures-george-michael-piece-effigie?at_medium=RSS%20feed&amp;at_campaign=ynews&amp;utm_source=yahoo&amp;utm_medium=rss&amp;utm_campaign=news_feed&amp;utm_content=in_article_link\" rel=\"noopener noreferrer nofollow\" target=\"_blank\">Emma Stone<\/a> et Andrew Garfield \u00bb, s&rsquo;est-elle souvenue, avant de conclure sur un ton ironique : \u00ab C&rsquo;\u00e9tait un appel amusant. \u00bb<\/p>\n<p class=\"mb-4 text-lg md:leading-8 break-words\">Plusieurs mois avant la so(&#8230;)<\/p>\n<p class=\"mb-4 text-lg md:leading-8 break-words\"><a data-ylk=\"slk:Lire la suite sur 20minutes;elm:context_link;itc:0;sec:content-canvas;\" data-yga=\"{&quot;yLinkElement&quot;:&quot;link&quot;,&quot;yLinkElementType&quot;:&quot;article_link&quot;}\" href=\"https:\/\/www.20minutes.fr\/arts-stars\/people\/4242548-20260905-shailene-woodley-raconte-comment-role-reves-coupe-montage?at_medium=RSS%20feed&amp;at_campaign=ynews&amp;utm_source=yahoo&amp;utm_medium=rss&amp;utm_campaign=news_feed&amp;utm_content=read_more_link\" rel=\"noopener noreferrer nofollow\" target=\"_blank\">Lire la suite sur 20minutes<\/a><\/p>\n<p>\u00c0 lire aussi :<br \/><a data-ylk=\"slk:Ryan Murphy raconte comment Ariana Grande a renonc\u00e9 \u00e0 son r\u00f4le dans \u00ab American Horror Story \u00bb;elm:context_link;itc:0;sec:content-canvas;\" data-yga=\"{&quot;yLinkElement&quot;:&quot;link&quot;,&quot;yLinkElementType&quot;:&quot;article_link&quot;}\" href=\"https:\/\/www.20minutes.fr\/arts-stars\/people\/4238210-20260807-ryan-murphy-raconte-comment-ariana-grande-renonce-role-american-horror-story?at_medium=RSS%20feed&amp;at_campaign=ynews&amp;utm_source=yahoo&amp;utm_medium=rss&amp;utm_campaign=news_feed&amp;utm_content=related_content_link\" rel=\"noopener noreferrer nofollow\" target=\"_blank\">Ryan Murphy raconte comment Ariana Grande a renonc\u00e9 \u00e0 son r\u00f4le dans \u00ab American Horror Story \u00bb<\/a><\/p>\n","protected":false},"excerpt":{"rendered":"D\u00e9ception &#8211; L&rsquo;actrice a \u00e9t\u00e9 inform\u00e9e un an apr\u00e8s le tournage du retrait de son personnage Vous l&rsquo;ignorez&hellip;\n","protected":false},"author":2,"featured_media":240274,"comment_status":"","ping_status":"","sticky":false,"template":"","format":"standard","meta":{"footnotes":"","_share_on_mastodon":"0"},"categories":[97],"tags":[64053,74751,12,13,18,17,96,95,74749,106,74752,74753,74748,105,70920,18585,16986,74750],"class_list":["post-240273","post","type-post","status-publish","format-standard","has-post-thumbnail","category-films","tag-andrew-garfield","tag-appel-amusant","tag-be","tag-be-fr","tag-belgique","tag-belgium","tag-divertissement","tag-entertainment","tag-et-jai","tag-films","tag-incarner-le-personnage-de-mary-jane-watson","tag-jetais-tellement-enthousiaste","tag-mary-jane","tag-movies","tag-quils","tag-ryan-murphy","tag-shailene-woodley","tag-un-reve-devenu-realite-pour-la-star"],"share_on_mastodon":{"url":"https:\/\/pubeurope.com\/@be_fr\/117218433173472318","error":""},"_links":{"self":[{"href":"https:\/\/www.europesays.com\/be-fr\/wp-json\/wp\/v2\/posts\/240273","targetHints":{"allow":["GET"]}}],"collection":[{"href":"https:\/\/www.europesays.com\/be-fr\/wp-json\/wp\/v2\/posts"}],"about":[{"href":"https:\/\/www.europesays.com\/be-fr\/wp-json\/wp\/v2\/types\/post"}],"author":[{"embeddable":true,"href":"https:\/\/www.europesays.com\/be-fr\/wp-json\/wp\/v2\/users\/2"}],"replies":[{"embeddable":true,"href":"https:\/\/www.europesays.com\/be-fr\/wp-json\/wp\/v2\/comments?post=240273"}],"version-history":[{"count":0,"href":"https:\/\/www.europesays.com\/be-fr\/wp-json\/wp\/v2\/posts\/240273\/revisions"}],"wp:featuredmedia":[{"embeddable":true,"href":"https:\/\/www.europesays.com\/be-fr\/wp-json\/wp\/v2\/media\/240274"}],"wp:attachment":[{"href":"https:\/\/www.europesays.com\/be-fr\/wp-json\/wp\/v2\/media?parent=240273"}],"wp:term":[{"taxonomy":"category","embeddable":true,"href":"https:\/\/www.europesays.com\/be-fr\/wp-json\/wp\/v2\/categories?post=240273"},{"taxonomy":"post_tag","embeddable":true,"href":"https:\/\/www.europesays.com\/be-fr\/wp-json\/wp\/v2\/tags?post=240273"}],"curies":[{"name":"wp","href":"https:\/\/api.w.org\/{rel}","templated":true}]}}