{"id":240311,"date":"2026-09-05T12:58:44","date_gmt":"2026-09-05T12:58:44","guid":{"rendered":"https:\/\/www.europesays.com\/be-fr\/240311\/"},"modified":"2026-09-05T12:58:44","modified_gmt":"2026-09-05T12:58:44","slug":"la-fifa-depose-des-documents-juridiques-accusant-luefa-davoir-orchestre-une-campagne-de-denigrement-contre-le-president-gianni-infantino","status":"publish","type":"post","link":"https:\/\/www.europesays.com\/be-fr\/240311\/","title":{"rendered":"La FIFA d\u00e9pose des documents juridiques accusant l\u2019UEFA d\u2019avoir orchestr\u00e9 une campagne de d\u00e9nigrement contre le pr\u00e9sident Gianni Infantino"},"content":{"rendered":"<p>La FIFA a accus\u00e9 l\u2019UEFA d\u2019avoir lanc\u00e9 une campagne de d\u00e9nigrement contre elle et Gianni Infantino, apr\u00e8s des menaces de poursuites p\u00e9nales visant son pr\u00e9sident. Selon un rapport de <a href=\"https:\/\/www.nytimes.com\/athletic\/7562720\/2026\/09\/03\/fifa-uefa-infantino-smear-campaign\/\" rel=\"nofollow noopener\" target=\"_blank\" data-affiliate-type=\"NONE\">The Athletic<\/a>, le diff\u00e9rend d\u00e9coule d\u2019un document juridique d\u00e9pos\u00e9 par l\u2019UEFA aux \u00c9tats-Unis le 28 ao\u00fbt.<\/p>\n<p>L\u2019instance dirigeante europ\u00e9enne a all\u00e9gu\u00e9 qu\u2019Infantino faisait la promotion d\u2019un \u00ab prix frauduleusement inf\u00e9rieur au march\u00e9 \u00e0 son propre b\u00e9n\u00e9fice \u00bb concernant la vente d\u2019une participation de 20 % dans les op\u00e9rations commerciales de la FIFA pour 4,2 milliards de dollars (3,1 milliards de livres sterling). Le plan, connu sous le nom de proposition FIFA Forward Enterprise (FFE), aurait vu le fonds d\u2019investissement am\u00e9ricain Thrive Eternal acqu\u00e9rir une participation majeure dans les comp\u00e9titions mondiales.<\/p>\n","protected":false},"excerpt":{"rendered":"La FIFA a accus\u00e9 l\u2019UEFA d\u2019avoir lanc\u00e9 une campagne de d\u00e9nigrement contre elle et Gianni Infantino, apr\u00e8s des&hellip;\n","protected":false},"author":2,"featured_media":240312,"comment_status":"","ping_status":"","sticky":false,"template":"","format":"standard","meta":{"footnotes":"","_share_on_mastodon":"0"},"categories":[81],"tags":[12,13,18,17,23101,84,13984],"class_list":["post-240311","post","type-post","status-publish","format-standard","has-post-thumbnail","category-sports","tag-be","tag-be-fr","tag-belgique","tag-belgium","tag-coupe-du-monde","tag-sports","tag-world-cup"],"share_on_mastodon":{"url":"https:\/\/pubeurope.com\/@be_fr\/117218554868259069","error":""},"_links":{"self":[{"href":"https:\/\/www.europesays.com\/be-fr\/wp-json\/wp\/v2\/posts\/240311","targetHints":{"allow":["GET"]}}],"collection":[{"href":"https:\/\/www.europesays.com\/be-fr\/wp-json\/wp\/v2\/posts"}],"about":[{"href":"https:\/\/www.europesays.com\/be-fr\/wp-json\/wp\/v2\/types\/post"}],"author":[{"embeddable":true,"href":"https:\/\/www.europesays.com\/be-fr\/wp-json\/wp\/v2\/users\/2"}],"replies":[{"embeddable":true,"href":"https:\/\/www.europesays.com\/be-fr\/wp-json\/wp\/v2\/comments?post=240311"}],"version-history":[{"count":0,"href":"https:\/\/www.europesays.com\/be-fr\/wp-json\/wp\/v2\/posts\/240311\/revisions"}],"wp:featuredmedia":[{"embeddable":true,"href":"https:\/\/www.europesays.com\/be-fr\/wp-json\/wp\/v2\/media\/240312"}],"wp:attachment":[{"href":"https:\/\/www.europesays.com\/be-fr\/wp-json\/wp\/v2\/media?parent=240311"}],"wp:term":[{"taxonomy":"category","embeddable":true,"href":"https:\/\/www.europesays.com\/be-fr\/wp-json\/wp\/v2\/categories?post=240311"},{"taxonomy":"post_tag","embeddable":true,"href":"https:\/\/www.europesays.com\/be-fr\/wp-json\/wp\/v2\/tags?post=240311"}],"curies":[{"name":"wp","href":"https:\/\/api.w.org\/{rel}","templated":true}]}}