{"id":240347,"date":"2026-09-05T13:43:15","date_gmt":"2026-09-05T13:43:15","guid":{"rendered":"https:\/\/www.europesays.com\/be-fr\/240347\/"},"modified":"2026-09-05T13:43:15","modified_gmt":"2026-09-05T13:43:15","slug":"refus-dindemniser-une-victime-de-phishing-belfius-pourrait-etre-la-premiere-banque-condamnee-au-penal","status":"publish","type":"post","link":"https:\/\/www.europesays.com\/be-fr\/240347\/","title":{"rendered":"Refus d&rsquo;indemniser une victime de phishing: Belfius pourrait \u00eatre la premi\u00e8re banque condamn\u00e9e au p\u00e9nal"},"content":{"rendered":"<p class=\"ap-StoryElement ap-StoryElement--mb ap-StoryText\">La loi oblige les banques \u00e0 d\u00e9dommager imm\u00e9diatement les victimes de phishing, ce qu&rsquo;elles font rarement, pr\u00e9textant un consentement \u00e0 la transaction ou une n\u00e9gligence grave.<\/p>\n<p class=\"ap-StoryElement ap-StoryElement--mb ap-StoryText\">R\u00e9sultat: les victimes doivent souvent aller elles-m\u00eames en justice, dans des proc\u00e9dures civiles, pour r\u00e9cup\u00e9rer leur argent.<\/p>\n<p class=\"ap-StoryElement ap-StoryElement--mb ap-StoryText\">En l&rsquo;occurrence, la cliente a \u00e9galement assign\u00e9 Belfius devant le tribunal correctionnel: un prestataire de services de paiement qui ne respecte pas les r\u00e8gles en cas de fraude commet une infraction.<\/p>\n","protected":false},"excerpt":{"rendered":"La loi oblige les banques \u00e0 d\u00e9dommager imm\u00e9diatement les victimes de phishing, ce qu&rsquo;elles font rarement, pr\u00e9textant un&hellip;\n","protected":false},"author":2,"featured_media":240348,"comment_status":"","ping_status":"","sticky":false,"template":"","format":"standard","meta":{"footnotes":"","_share_on_mastodon":"0"},"categories":[8],"tags":[10,4577,12,13,18,17,596,23,11,1876],"class_list":["post-240347","post","type-post","status-publish","format-standard","has-post-thumbnail","category-actualites","tag-actualites","tag-banques","tag-be","tag-be-fr","tag-belgique","tag-belgium","tag-cybersecurite","tag-judiciaire","tag-news","tag-press"],"share_on_mastodon":{"url":"https:\/\/pubeurope.com\/@be_fr\/117218733598319911","error":""},"_links":{"self":[{"href":"https:\/\/www.europesays.com\/be-fr\/wp-json\/wp\/v2\/posts\/240347","targetHints":{"allow":["GET"]}}],"collection":[{"href":"https:\/\/www.europesays.com\/be-fr\/wp-json\/wp\/v2\/posts"}],"about":[{"href":"https:\/\/www.europesays.com\/be-fr\/wp-json\/wp\/v2\/types\/post"}],"author":[{"embeddable":true,"href":"https:\/\/www.europesays.com\/be-fr\/wp-json\/wp\/v2\/users\/2"}],"replies":[{"embeddable":true,"href":"https:\/\/www.europesays.com\/be-fr\/wp-json\/wp\/v2\/comments?post=240347"}],"version-history":[{"count":0,"href":"https:\/\/www.europesays.com\/be-fr\/wp-json\/wp\/v2\/posts\/240347\/revisions"}],"wp:featuredmedia":[{"embeddable":true,"href":"https:\/\/www.europesays.com\/be-fr\/wp-json\/wp\/v2\/media\/240348"}],"wp:attachment":[{"href":"https:\/\/www.europesays.com\/be-fr\/wp-json\/wp\/v2\/media?parent=240347"}],"wp:term":[{"taxonomy":"category","embeddable":true,"href":"https:\/\/www.europesays.com\/be-fr\/wp-json\/wp\/v2\/categories?post=240347"},{"taxonomy":"post_tag","embeddable":true,"href":"https:\/\/www.europesays.com\/be-fr\/wp-json\/wp\/v2\/tags?post=240347"}],"curies":[{"name":"wp","href":"https:\/\/api.w.org\/{rel}","templated":true}]}}