{"id":240353,"date":"2026-09-05T13:50:08","date_gmt":"2026-09-05T13:50:08","guid":{"rendered":"https:\/\/www.europesays.com\/be-fr\/240353\/"},"modified":"2026-09-05T13:50:08","modified_gmt":"2026-09-05T13:50:08","slug":"congo-kinshasa-les-habitants-de-rwampara-ancien-epicentre-debola-deviennent-acteurs-de-la-lutte-contre-lepidemie","status":"publish","type":"post","link":"https:\/\/www.europesays.com\/be-fr\/240353\/","title":{"rendered":"Congo-Kinshasa: Les habitants de Rwampara, ancien \u00e9picentre d&rsquo;Ebola, deviennent acteurs de la lutte contre l&rsquo;\u00e9pid\u00e9mie"},"content":{"rendered":"<p class=\"story-body-text\" data-para-word-count=\"50\">Autrefois \u00e9picentre de l&rsquo;\u00e9pid\u00e9mie d&rsquo;Ebola, la zone de sant\u00e9 de Rwampara, dans le groupement Tsere (Ituri), conna\u00eet aujourd&rsquo;hui une am\u00e9lioration notable gr\u00e2ce \u00e0 l&rsquo;implication directe de ses habitants. Apr\u00e8s avoir perdu de nombreux proches, plusieurs familles participent d\u00e9sormais activement \u00e0 la sensibilisation communautaire et au respect des mesures de pr\u00e9vention.<\/p>\n<p class=\"story-body-text\" data-para-word-count=\"6\">De la r\u00e9sistance \u00e0 la mobilisation<\/p>\n<p class=\"story-body-text\" data-para-word-count=\"41\">Au d\u00e9but de la flamb\u00e9e, la r\u00e9sistance d&rsquo;une partie de la population avait favoris\u00e9 la propagation du virus, avec jusqu&rsquo;\u00e0 dix d\u00e9c\u00e8s quotidiens enregistr\u00e9s dans la communaut\u00e9 et \u00e0 l&rsquo;h\u00f4pital de Rwampara. Certaines familles ont perdu deux, cinq, voire sept proches.<\/p>\n<p class=\"story-body-text\" data-para-word-count=\"54\">Gr\u00e2ce aux campagnes de sensibilisation men\u00e9es par les \u00e9quipes de riposte et les autorit\u00e9s locales, la population a progressivement chang\u00e9 d&rsquo;attitude. Selon le chef du groupement Tsere, aucun nouveau cas n&rsquo;a \u00e9t\u00e9 enregistr\u00e9 ces derni\u00e8res semaines. Les habitants respectent d\u00e9sormais les mesures barri\u00e8res et participent eux-m\u00eames aux activit\u00e9s de sensibilisation dans les villages voisins.<\/p>\n<p class=\"story-body-text\" style=\"text-align: center;\">\n<p>Suivez-nous sur <a href=\"https:\/\/whatsapp.com\/channel\/0029Vae09IP4inotqC0BUQ2V\" target=\"_blank\" rel=\"nofollow noopener\">WhatsApp<\/a> | <a href=\"https:\/\/www.linkedin.com\/company\/allafrica\/\" target=\"_blank\" rel=\"nofollow noopener\">LinkedIn<\/a> pour les derniers titres<\/p>\n<p class=\"story-body-text\" data-para-word-count=\"62\">\u00ab La population est aujourd&rsquo;hui t\u00e9moin de cette maladie et sensibilise les autres. C&rsquo;est ce qui a permis de r\u00e9duire le taux de mortalit\u00e9 \u00e0 Rwampara. M\u00eame si cette prise de conscience est venue tard, chacun sensibilise d\u00e9sormais son entourage. Les cas d&rsquo;Ebola sont devenus rares, mais nous ne devons pas baisser la garde \u00bb, a d\u00e9clar\u00e9 Zamundu, chef du groupement Tsere.<\/p>\n<p class=\"story-body-text\" data-para-word-count=\"31\">Malgr\u00e9 ces avanc\u00e9es, des zones comme Nizi, Lopa, Iga, Miala, Soleniama et Mungamba, dans les territoires d&rsquo;Irumu et de Djugu, restent marqu\u00e9es par une r\u00e9sistance communautaire qui complique encore la riposte.<\/p>\n","protected":false},"excerpt":{"rendered":"Autrefois \u00e9picentre de l&rsquo;\u00e9pid\u00e9mie d&rsquo;Ebola, la zone de sant\u00e9 de Rwampara, dans le groupement Tsere (Ituri), conna\u00eet aujourd&rsquo;hui&hellip;\n","protected":false},"author":2,"featured_media":240354,"comment_status":"","ping_status":"","sticky":false,"template":"","format":"standard","meta":{"footnotes":"","_share_on_mastodon":"0"},"categories":[82],"tags":[2249,12,13,18,17,38,6692,6691,2251,40373,36,86,2254,11,104,87,84,2250,952],"class_list":["post-240353","post","type-post","status-publish","format-standard","has-post-thumbnail","category-sante","tag-africa","tag-be","tag-be-fr","tag-belgique","tag-belgium","tag-business","tag-central-africa","tag-congo-kinshasa","tag-current-events","tag-ebola","tag-economy","tag-health","tag-health-and-medicine","tag-news","tag-politics","tag-sante","tag-sports","tag-trade","tag-travel"],"share_on_mastodon":{"url":"https:\/\/pubeurope.com\/@be_fr\/117218759859665256","error":""},"_links":{"self":[{"href":"https:\/\/www.europesays.com\/be-fr\/wp-json\/wp\/v2\/posts\/240353","targetHints":{"allow":["GET"]}}],"collection":[{"href":"https:\/\/www.europesays.com\/be-fr\/wp-json\/wp\/v2\/posts"}],"about":[{"href":"https:\/\/www.europesays.com\/be-fr\/wp-json\/wp\/v2\/types\/post"}],"author":[{"embeddable":true,"href":"https:\/\/www.europesays.com\/be-fr\/wp-json\/wp\/v2\/users\/2"}],"replies":[{"embeddable":true,"href":"https:\/\/www.europesays.com\/be-fr\/wp-json\/wp\/v2\/comments?post=240353"}],"version-history":[{"count":0,"href":"https:\/\/www.europesays.com\/be-fr\/wp-json\/wp\/v2\/posts\/240353\/revisions"}],"wp:featuredmedia":[{"embeddable":true,"href":"https:\/\/www.europesays.com\/be-fr\/wp-json\/wp\/v2\/media\/240354"}],"wp:attachment":[{"href":"https:\/\/www.europesays.com\/be-fr\/wp-json\/wp\/v2\/media?parent=240353"}],"wp:term":[{"taxonomy":"category","embeddable":true,"href":"https:\/\/www.europesays.com\/be-fr\/wp-json\/wp\/v2\/categories?post=240353"},{"taxonomy":"post_tag","embeddable":true,"href":"https:\/\/www.europesays.com\/be-fr\/wp-json\/wp\/v2\/tags?post=240353"}],"curies":[{"name":"wp","href":"https:\/\/api.w.org\/{rel}","templated":true}]}}