{"id":240375,"date":"2026-09-05T14:10:09","date_gmt":"2026-09-05T14:10:09","guid":{"rendered":"https:\/\/www.europesays.com\/be-fr\/240375\/"},"modified":"2026-09-05T14:10:09","modified_gmt":"2026-09-05T14:10:09","slug":"francois-damiens-cree-la-surprise-aux-solidarites-le-comedien-belge-monte-sur-scene-avec-teddybear-et-fait-une-grande-annonce-video","status":"publish","type":"post","link":"https:\/\/www.europesays.com\/be-fr\/240375\/","title":{"rendered":"Fran\u00e7ois Damiens cr\u00e9e la surprise aux Solidarit\u00e9s\u00a0: le com\u00e9dien belge monte sur sc\u00e8ne avec TeddyBear\u2026 et fait une grande annonce\u00a0! (vid\u00e9o)"},"content":{"rendered":"\n<p>La deuxi\u00e8me journ\u00e9e des Solidarit\u00e9s a r\u00e9serv\u00e9 une belle surprise aux festivaliers ce samedi, sur le site d\u2019Ecolys \u00e0 Namur. Alors que TeddyBear se produisait un peu apr\u00e8s 14h, l\u2019artiste originaire de Mons a soudainement \u00e9t\u00e9 rejoint sur sc\u00e8ne par un invit\u00e9 de marque\u00a0: Fran\u00e7ois Damiens.<\/p>\n<p>L\u2019arriv\u00e9e du c\u00e9l\u00e8bre com\u00e9dien belge n\u2019avait pas \u00e9t\u00e9 annonc\u00e9e et a imm\u00e9diatement provoqu\u00e9 l\u2019enthousiasme du public. Cris, applaudissements et t\u00e9l\u00e9phones lev\u00e9s\u00a0: l\u2019apparition surprise de Fran\u00e7ois Damiens n\u2019est clairement pas pass\u00e9e inaper\u00e7ue.<\/p>\n<p>&#13;<br \/>\n&#13;<\/p>\n<p>Sa pr\u00e9sence aupr\u00e8s de TeddyBear n\u2019est toutefois pas totalement due au hasard. Le com\u00e9dien figure en effet dans le clip de \u00ab\u00a0Chaussures Roses\u00a0\u00bb, un titre de l\u2019artiste montois o\u00f9 Damiens joue son coiffeur. Cela lui a d\u2019ailleurs donn\u00e9 l\u2019id\u00e9e de faire une cam\u00e9ra cach\u00e9e sur ce th\u00e8me, \u00ab\u00a0vous la verrez dans quelques temps\u00a0\u00bb, a-t-il d\u2019ailleurs souffl\u00e9 au public.<\/p>\n<p>&#13;<br \/>\n&#13;<\/p>\n<p>&#13;<br \/>\n&#13;<\/p>\n<p>&#13;<br \/>\n&#13;<\/p>\n<p>Ce samedi, Fran\u00e7ois Damiens a tenu \u00e0 venir soutenir TeddyBear directement sur la sc\u00e8ne namuroise. \u00ab\u00a0Je suis venu par\u2026 solidarit\u00e9\u00a0\u00bb, a-t-il plaisant\u00e9 en prenant le micro avant de dire tout le bien qu\u2019il pensait de Jules alias TeddyBear. \u00ab\u00a0Je suis en tout cas tr\u00e8s heureux d\u2019\u00eatre l\u00e0 avec vous, parmi vous et pour vous. Merci infiniment. Je te souhaite une longue carri\u00e8re Jules.\u00a0\u00bb<\/p>\n<p>Une deuxi\u00e8me journ\u00e9e tr\u00e8s attendue<\/p>\n<p>Cette apparition constitue l\u2019un des premiers temps forts de la journ\u00e9e de samedi, qui affiche complet et r\u00e9unit notamment Soprano, Louane, Mentissa ou encore Suzane.<\/p>\n<p>Le festival avait d\u00e9j\u00e0 d\u00e9but\u00e9 sur les chapeaux de roues vendredi. Plus de 16.000 personnes avaient particip\u00e9 \u00e0 cette premi\u00e8re journ\u00e9e. Malgr\u00e9 une m\u00e9t\u00e9o capricieuse, les festivaliers avaient r\u00e9pondu pr\u00e9sent d\u00e8s les premi\u00e8res heures et l\u2019ambiance s\u2019\u00e9tait rapidement install\u00e9e sur le site. Sur les diff\u00e9rentes sc\u00e8nes, ils ont notamment retrouv\u00e9 Skip The Use, Girls in Hawaii, OMD et Faithless.<\/p>\n<p>Ce samedi, plusieurs milliers de personnes ont de nouveau investi Ecolys pour profiter des concerts et des diff\u00e9rentes animations propos\u00e9es tout au long de la journ\u00e9e. Le festival se poursuit jusqu\u2019\u00e0 dimanche \u00e0 Namur.<\/p>\n<p>&#13;<br \/>\n&#13;<\/p>\n","protected":false},"excerpt":{"rendered":"La deuxi\u00e8me journ\u00e9e des Solidarit\u00e9s a r\u00e9serv\u00e9 une belle surprise aux festivaliers ce samedi, sur le site d\u2019Ecolys&hellip;\n","protected":false},"author":2,"featured_media":240376,"comment_status":"","ping_status":"","sticky":false,"template":"","format":"standard","meta":{"footnotes":"","_share_on_mastodon":"0"},"categories":[102],"tags":[1574,12,13,6872,18,17,129,128,3489,5209,20080,96,95,18053,4354,15055,109,195,74781,8130,74782,139],"class_list":["post-240375","post","type-post","status-publish","format-standard","has-post-thumbnail","category-people","tag-annonce","tag-be","tag-be-fr","tag-belge","tag-belgique","tag-belgium","tag-celebrities","tag-celebrity","tag-comedien","tag-cree","tag-damiens","tag-divertissement","tag-entertainment","tag-francois","tag-grande","tag-monte","tag-people","tag-scene","tag-solidarites","tag-surprise","tag-teddybear","tag-video"],"share_on_mastodon":{"url":"https:\/\/pubeurope.com\/@be_fr\/117218838304348911","error":""},"_links":{"self":[{"href":"https:\/\/www.europesays.com\/be-fr\/wp-json\/wp\/v2\/posts\/240375","targetHints":{"allow":["GET"]}}],"collection":[{"href":"https:\/\/www.europesays.com\/be-fr\/wp-json\/wp\/v2\/posts"}],"about":[{"href":"https:\/\/www.europesays.com\/be-fr\/wp-json\/wp\/v2\/types\/post"}],"author":[{"embeddable":true,"href":"https:\/\/www.europesays.com\/be-fr\/wp-json\/wp\/v2\/users\/2"}],"replies":[{"embeddable":true,"href":"https:\/\/www.europesays.com\/be-fr\/wp-json\/wp\/v2\/comments?post=240375"}],"version-history":[{"count":0,"href":"https:\/\/www.europesays.com\/be-fr\/wp-json\/wp\/v2\/posts\/240375\/revisions"}],"wp:featuredmedia":[{"embeddable":true,"href":"https:\/\/www.europesays.com\/be-fr\/wp-json\/wp\/v2\/media\/240376"}],"wp:attachment":[{"href":"https:\/\/www.europesays.com\/be-fr\/wp-json\/wp\/v2\/media?parent=240375"}],"wp:term":[{"taxonomy":"category","embeddable":true,"href":"https:\/\/www.europesays.com\/be-fr\/wp-json\/wp\/v2\/categories?post=240375"},{"taxonomy":"post_tag","embeddable":true,"href":"https:\/\/www.europesays.com\/be-fr\/wp-json\/wp\/v2\/tags?post=240375"}],"curies":[{"name":"wp","href":"https:\/\/api.w.org\/{rel}","templated":true}]}}