{"id":240381,"date":"2026-09-05T14:17:28","date_gmt":"2026-09-05T14:17:28","guid":{"rendered":"https:\/\/www.europesays.com\/be-fr\/240381\/"},"modified":"2026-09-05T14:17:28","modified_gmt":"2026-09-05T14:17:28","slug":"tadej-pogacar-arrete-sa-saison-apres-sa-chute-et-prolonge-chez-uae","status":"publish","type":"post","link":"https:\/\/www.europesays.com\/be-fr\/240381\/","title":{"rendered":"Tadej Pogacar arr\u00eate sa saison apr\u00e8s sa chute et prolonge chez UAE"},"content":{"rendered":"<p>  <img decoding=\"async\" class=\"r-img lazyloaded\" src=\"https:\/\/www.europesays.com\/be-fr\/wp-content\/uploads\/2026\/09\/1788617847_880_dalessandra.jpg\" alt=\"Thomas D'Alessandro\"\/><\/p>\n<p>par <a href=\"https:\/\/www.rtl.be\/373137\/dpi-authors\/thomas-dalessandro\" rel=\"nofollow noopener\" target=\"_blank\">Thomas D&rsquo;Alessandro<\/a><\/p>\n<p>\tPubli\u00e9 le 05 septembre \u00e0 12h51<\/p>\n<p>  <a href=\"https:\/\/www.google.com\/preferences\/source?q=rtl%20info\" class=\"r-link--google-favorites\" role=\"button\">Ajoutez-nous \u00e0 vos favoris Google<\/a><br \/>\n\tVictime d\u2019une lourde chute sur la Vuelta, Tadej Pogacar met fin pr\u00e9matur\u00e9ment \u00e0 sa saison pour soigner sa clavicule, tout en prolongeant son contrat avec UAE-Emirates jusqu\u2019en 2032.<\/p>\n<p>&#13;<br \/>\n&#13;<\/p>\n<p>Tadej Pogacar ne reprendra pas la comp\u00e9tition cette saison pour \u00ab\u00a0se concentrer pleinement sur sa r\u00e9cup\u00e9ration\u00a0\u00bb apr\u00e8s une op\u00e9ration \u00e0 une clavicule cons\u00e9cutive \u00e0 sa chute lors du Tour d\u2019Espagne, a annonc\u00e9 samedi son \u00e9quipe UAE-Emirates. \u00ab\u00a0Apr\u00e8s sa chute sur la Vuelta, Tadej ne reprendra pas la comp\u00e9tition cette saison afin de se concentrer pleinement sur sa r\u00e9cup\u00e9ration et sa r\u00e9\u00e9ducation\u00a0\u00bb, a indiqu\u00e9 sa formation sur X.<\/p>\n<p>\u00ab\u00a0Remets-toi vite, Tadej. On te reverra en 2027\u00a0\u00bb, a-t-elle ajout\u00e9, annon\u00e7ant dans le m\u00eame message que le coureur de 27 ans avait prolong\u00e9 son contrat jusqu\u2019\u00e0 la fin de saison 2032. \u00ab\u00a0En ce moment, la chose la plus importante est de bien r\u00e9cup\u00e9rer et de donner \u00e0 mon corps le temps dont il a besoin\u00a0\u00bb, a pour sa part comment\u00e9 Pogacar, cit\u00e9 dans le communiqu\u00e9.<\/p>\n<p>&#13;<br \/>\n&#13;<\/p>\n<p>&#13;<br \/>\n&#13;<\/p>\n<p>Le Slov\u00e8ne fait donc l\u2019impasse sur les Championnats du monde \u00e0 Montr\u00e9al le 27 septembre, les Championnats d\u2019Europe en Slov\u00e9nie d\u00e9but octobre et le Tour de Lombardie, \u00e9galement en octobre. Trois courses dont il est tenant du titre. Pogacar, solidement install\u00e9 en t\u00eate du Tour d\u2019Espagne, avait lourdement chut\u00e9 le 29 ao\u00fbt lors de la 8e \u00e9tape \u00e0 32 km de l\u2019arriv\u00e9e. Le quintuple vainqueur du Tour de France s\u2019\u00e9tait relev\u00e9 avec l\u2019\u00e9paule gauche en sang et l\u2019arcade sourcili\u00e8re gauche ouverte.<\/p>\n<p>\n  &#13;<br \/>\n  \u00c0 lire aussi&#13;<br \/>\n  &#13;<\/p>\n<p>  <img decoding=\"async\" data-copyright=\"JOSE JORDAN \/ AFP\" class=\"r-img\"  typeof=\"foaf:Image\" src=\"https:\/\/www.europesays.com\/be-fr\/wp-content\/uploads\/2026\/09\/99231175.jpeg\" alt=\"Tadej Pogacar, portant le maillot \u00e0 pois de meilleur grimpeur, c\u00e9l\u00e8bre sa victoire sur le podium de la sixi\u00e8me \u00e9tape de la Vuelta 2026 le 27 ao\u00fbt 2026.\"\/><br \/>\n        <a class=\"r-stories--link\" href=\"https:\/\/www.rtl.be\/sport\/tous-les-sports\/cyclisme\/tadej-pogacar-donne-de-ses-nouvelles-au-lendemain-de-sa-terrible-chute-sur-la\/2026-08-30\/article\/798751\" rel=\"nofollow noopener\" target=\"_blank\">Tadej Pogacar donne de ses nouvelles au lendemain de sa terrible chute sur la Vuelta<\/a>&#13;<br \/>\n  &#13;<br \/>\n&#13;\n<\/p>\n<p>Le diagnostic communiqu\u00e9 le soir m\u00eame par son \u00e9quipe a \u00e9tabli qu\u2019il souffrait \u00ab\u00a0d\u2019une commotion c\u00e9r\u00e9brale, d\u2019une fracture d\u00e9plac\u00e9e de la clavicule gauche, d\u2019une fracture stable de la vert\u00e8bre cervicale C7 et de multiples abrasions\u00a0\u00bb. Pogacar avait ensuite post\u00e9 sur ses r\u00e9seaux sociaux une photo de lui prise sur son lit d\u2019h\u00f4pital, minerve autour du cou, accompagn\u00e9e de la chanson du groupe Bee Gees \u00ab\u00a0Stayin\u2019 alive\u00a0\u00bb (rester vivant). Il avait \u00e9t\u00e9 op\u00e9r\u00e9 \u00ab\u00a0avec succ\u00e8s\u00a0\u00bb, selon son \u00e9quipe, de la clavicule le 31 ao\u00fbt.<\/p>\n<p>&#13;<br \/>\n&#13;<\/p>\n<p>&#13;<br \/>\n&#13;<\/p>\n<p><a class=\"r-btn r-btn--tag\" href=\"https:\/\/www.rtl.be\/5625\/free-tags\/cyclisme\" title=\"Cyclisme\" rel=\"nofollow noopener\" target=\"_blank\">Cyclisme<\/a><br \/>\n<a class=\"r-btn r-btn--tag\" href=\"https:\/\/www.rtl.be\/333502\/locations\/espagne\" title=\"Espagne\" rel=\"nofollow noopener\" target=\"_blank\">Espagne<\/a><br \/>\n<a class=\"r-btn r-btn--tag\" href=\"https:\/\/www.rtl.be\/378329\/persons\/tadej-pogacar\" title=\"Tadej Poga\u010dar\" rel=\"nofollow noopener\" target=\"_blank\">Tadej Poga\u010dar<\/a><\/p>\n","protected":false},"excerpt":{"rendered":"par Thomas D&rsquo;Alessandro Publi\u00e9 le 05 septembre \u00e0 12h51 Ajoutez-nous \u00e0 vos favoris Google Victime d\u2019une lourde chute&hellip;\n","protected":false},"author":2,"featured_media":240382,"comment_status":"","ping_status":"","sticky":false,"template":"","format":"standard","meta":{"footnotes":"","_share_on_mastodon":"0"},"categories":[81],"tags":[12,13,18,17,8093,74784,3911,74783,17187,33762,84,7717,49445,31103,57201],"class_list":["post-240381","post","type-post","status-publish","format-standard","has-post-thumbnail","category-sports","tag-be","tag-be-fr","tag-belgique","tag-belgium","tag-blessure","tag-championnats-du-monde-montreal","tag-chute","tag-clavicule","tag-contrat","tag-recuperation","tag-sports","tag-tadej-pogacar","tag-tour-despagne","tag-tour-de-lombardie","tag-uae-emirates"],"share_on_mastodon":{"url":"https:\/\/pubeurope.com\/@be_fr\/117218865845742764","error":""},"_links":{"self":[{"href":"https:\/\/www.europesays.com\/be-fr\/wp-json\/wp\/v2\/posts\/240381","targetHints":{"allow":["GET"]}}],"collection":[{"href":"https:\/\/www.europesays.com\/be-fr\/wp-json\/wp\/v2\/posts"}],"about":[{"href":"https:\/\/www.europesays.com\/be-fr\/wp-json\/wp\/v2\/types\/post"}],"author":[{"embeddable":true,"href":"https:\/\/www.europesays.com\/be-fr\/wp-json\/wp\/v2\/users\/2"}],"replies":[{"embeddable":true,"href":"https:\/\/www.europesays.com\/be-fr\/wp-json\/wp\/v2\/comments?post=240381"}],"version-history":[{"count":0,"href":"https:\/\/www.europesays.com\/be-fr\/wp-json\/wp\/v2\/posts\/240381\/revisions"}],"wp:featuredmedia":[{"embeddable":true,"href":"https:\/\/www.europesays.com\/be-fr\/wp-json\/wp\/v2\/media\/240382"}],"wp:attachment":[{"href":"https:\/\/www.europesays.com\/be-fr\/wp-json\/wp\/v2\/media?parent=240381"}],"wp:term":[{"taxonomy":"category","embeddable":true,"href":"https:\/\/www.europesays.com\/be-fr\/wp-json\/wp\/v2\/categories?post=240381"},{"taxonomy":"post_tag","embeddable":true,"href":"https:\/\/www.europesays.com\/be-fr\/wp-json\/wp\/v2\/tags?post=240381"}],"curies":[{"name":"wp","href":"https:\/\/api.w.org\/{rel}","templated":true}]}}