{"id":240407,"date":"2026-09-05T14:48:17","date_gmt":"2026-09-05T14:48:17","guid":{"rendered":"https:\/\/www.europesays.com\/be-fr\/240407\/"},"modified":"2026-09-05T14:48:17","modified_gmt":"2026-09-05T14:48:17","slug":"a-ans-le-batopin-regulierement-occupe-par-des-sdf-la-police-renforce-la-pression-face-aux-nuisances","status":"publish","type":"post","link":"https:\/\/www.europesays.com\/be-fr\/240407\/","title":{"rendered":"\u00c0 Ans, le Batopin r\u00e9guli\u00e8rement occup\u00e9 par des SDF : la police renforce la pression face aux nuisances"},"content":{"rendered":"<p class=\"ap-StoryElement ap-StoryElement--mb ap-StoryText\">\u00ab\u00a0Nos marges de man\u0153uvre restent toutefois limit\u00e9es : en tant qu&rsquo;acteur priv\u00e9, nous ne pouvons pas simplement faire \u00e9vacuer ces personnes de nos locaux. Toute personne dispose en Belgique du droit de mendier, et nous ne pouvons donc pas simplement nous y opposer. Nos points d&rsquo;acc\u00e8s sont par ailleurs consid\u00e9r\u00e9s comme des lieux semi-publics, dans la mesure o\u00f9 l&rsquo;acc\u00e8s y est libre ; il ne s&rsquo;agit donc pas d&rsquo;un domaine priv\u00e9 au sens strict\u00a0\u00bb, indique Batopin.<\/p>\n<p><a href=\"https:\/\/www.dhnet.be\/regions\/liege\/2023\/05\/23\/liege-faut-il-assouplir-le-reglement-mendicite-XWDQZ7ZFJRGQHDVOVHMS5RN52Y\/\" target=\"_self\" class=\"ap-StoryInterstitialLink ap-StoryElement ap-StoryElement--mb\" rel=\"nofollow noopener\">Li\u00e8ge : faut-il assouplir le r\u00e8glement mendicit\u00e9 ?<\/a><\/p>\n<p class=\"ap-StoryElement ap-StoryElement--mb ap-StoryText\">\u00ab\u00a0Lorsque la pr\u00e9sence de personnes sans domicile fixe ou de personnes mendiantes nous est signal\u00e9e ou constat\u00e9e, nous envoyons un agent de gardiennage sur place, qui interpelle les personnes concern\u00e9es et leur demande de quitter les lieux.\u00a0\u00bb<\/p>\n<p><a href=\"https:\/\/www.dhnet.be\/regions\/liege\/2025\/06\/23\/bonne-nouvelle-a-ans-un-tout-nouveau-point-cash-prend-place-rue-de-lyser-XWLAUVVI7JB4RG4IKDIGJC6YFU\/\" target=\"_self\" class=\"ap-StoryInterstitialLink ap-StoryElement ap-StoryElement--mb\" rel=\"nofollow noopener\">Bonne nouvelle \u00e0 Ans : un tout nouveau point cash prend place rue de l&rsquo;Yser<\/a>Une pression polici\u00e8re r\u00e9guli\u00e8re<\/p>\n<p class=\"ap-StoryElement ap-StoryElement--mb ap-StoryText\">Le bourgmestre a donc demand\u00e9 \u00e0 sa zone de police d&rsquo;\u00eatre pr\u00e9sente sur les lieux probl\u00e9matiques. Ainsi, \u00ab\u00a0les chiffres montrent une \u00e9volution assez encourageante du ph\u00e9nom\u00e8ne constat\u00e9 et tendent \u00e0 confirmer que la pression polici\u00e8re r\u00e9guli\u00e8re produit ses effets sur les points de fixation identifi\u00e9s\u00a0\u00bb, indique la zone de police Ans\/Saint-Nicolas.<\/p>\n<p class=\"ap-StoryElement ap-StoryElement--mb ap-StoryText\">Pour rappel, ceux-ci se situent dans la zone place Brignoul\/rue du Plan Inclin\u00e9, au Carrefour, ainsi que sur l&rsquo;axe Jean Jaur\u00e8s\/Yser.<\/p>\n<p class=\"ap-StoryElement ap-StoryElement--mb ap-StoryText\">\u00c0 la place Brignoul, on comptabilise 44 passages ou feedbacks depuis le d\u00e9but du suivi renforc\u00e9, soit \u00e0 la mi-juillet.<\/p>\n<p><a href=\"https:\/\/www.dhnet.be\/regions\/liege\/2026\/09\/04\/gare-des-guillemins-fermee-durant-la-nuit-que-vont-faire-les-26-sdf-qui-frequentaient-ses-couloirs-SBTCC6O2DJGZFBJOL6BCAY2N2Y\/\" target=\"_self\" class=\"ap-StoryInterstitialLink ap-StoryElement ap-StoryElement--mb\" rel=\"nofollow noopener\">Gare des Guillemins ferm\u00e9e durant la nuit : que vont faire les 26 SDF qui fr\u00e9quentaient ses couloirs ?<\/a><\/p>\n<p class=\"ap-StoryElement ap-StoryElement--mb ap-StoryText\">Toujours selon les chiffres de la zone de police, sur les 16 passages effectu\u00e9s entre le 30 juillet et le 18 ao\u00fbt, seuls quatre ont encore fait \u00e9tat de la pr\u00e9sence d&rsquo;une personne, sans trouble \u00e0 l&rsquo;ordre public ni arrestation administrative sur la place.<\/p>\n<p class=\"ap-StoryElement ap-StoryElement--mb ap-StoryText\">Et la tendance s&rsquo;est encore confirm\u00e9e ensuite : les passages des 20, 21, 22, 24 et 25 ao\u00fbt n&rsquo;ont donn\u00e9 lieu \u00e0 aucune pr\u00e9sence ni constatation particuli\u00e8re.<\/p>\n<p class=\"ap-StoryElement ap-StoryElement--mb ap-StoryText\">M\u00eame \u00e9volution positive autour du Plan Inclin\u00e9 et du Carrefour : les personnes qui occupaient pr\u00e9c\u00e9demment les lieux n&rsquo;\u00e9taient plus pr\u00e9sentes le 20 ao\u00fbt et les contr\u00f4les des 21, 23 et 24 ao\u00fbt sont \u00e9galement rest\u00e9s n\u00e9gatifs.<\/p>\n<p>L&rsquo;axe Jean Jaur\u00e8s-Yser reste un point d&rsquo;attention<\/p>\n<p class=\"ap-StoryElement ap-StoryElement--mb ap-StoryText\">L&rsquo;axe Jean Jaur\u00e8s-Yser et certains commerces restent toutefois des points d&rsquo;attention. \u00c0 titre d&rsquo;exemple, sur la seule semaine du 10 au 16 ao\u00fbt, quatre sanctions administratives communales li\u00e9es \u00e0 cette probl\u00e9matique ont \u00e9t\u00e9 dress\u00e9es rue Jean Jaur\u00e8s et deux arrestations administratives pour ivresse publique ont \u00e9t\u00e9 r\u00e9alis\u00e9es le 16 ao\u00fbt, selon la zone de police Ans\/Saint-Nicolas.<\/p>\n<p class=\"ap-StoryElement ap-StoryElement--mb ap-StoryText\">La volont\u00e9 de la majorit\u00e9 ansoise est de continuer sur cette lanc\u00e9e.<\/p>\n","protected":false},"excerpt":{"rendered":"\u00ab\u00a0Nos marges de man\u0153uvre restent toutefois limit\u00e9es : en tant qu&rsquo;acteur priv\u00e9, nous ne pouvons pas simplement faire&hellip;\n","protected":false},"author":2,"featured_media":240408,"comment_status":"","ping_status":"","sticky":false,"template":"","format":"standard","meta":{"footnotes":"","_share_on_mastodon":"0"},"categories":[2],"tags":[4851,3102,53071,12,13,18,17,15328,22,9381],"class_list":["post-240407","post","type-post","status-publish","format-standard","has-post-thumbnail","category-belgique","tag-ans","tag-argent","tag-batopin","tag-be","tag-be-fr","tag-belgique","tag-belgium","tag-cash","tag-police","tag-sdf"],"share_on_mastodon":{"url":"https:\/\/pubeurope.com\/@be_fr\/117218987561050550","error":""},"_links":{"self":[{"href":"https:\/\/www.europesays.com\/be-fr\/wp-json\/wp\/v2\/posts\/240407","targetHints":{"allow":["GET"]}}],"collection":[{"href":"https:\/\/www.europesays.com\/be-fr\/wp-json\/wp\/v2\/posts"}],"about":[{"href":"https:\/\/www.europesays.com\/be-fr\/wp-json\/wp\/v2\/types\/post"}],"author":[{"embeddable":true,"href":"https:\/\/www.europesays.com\/be-fr\/wp-json\/wp\/v2\/users\/2"}],"replies":[{"embeddable":true,"href":"https:\/\/www.europesays.com\/be-fr\/wp-json\/wp\/v2\/comments?post=240407"}],"version-history":[{"count":0,"href":"https:\/\/www.europesays.com\/be-fr\/wp-json\/wp\/v2\/posts\/240407\/revisions"}],"wp:featuredmedia":[{"embeddable":true,"href":"https:\/\/www.europesays.com\/be-fr\/wp-json\/wp\/v2\/media\/240408"}],"wp:attachment":[{"href":"https:\/\/www.europesays.com\/be-fr\/wp-json\/wp\/v2\/media?parent=240407"}],"wp:term":[{"taxonomy":"category","embeddable":true,"href":"https:\/\/www.europesays.com\/be-fr\/wp-json\/wp\/v2\/categories?post=240407"},{"taxonomy":"post_tag","embeddable":true,"href":"https:\/\/www.europesays.com\/be-fr\/wp-json\/wp\/v2\/tags?post=240407"}],"curies":[{"name":"wp","href":"https:\/\/api.w.org\/{rel}","templated":true}]}}