{"id":240451,"date":"2026-09-05T15:28:24","date_gmt":"2026-09-05T15:28:24","guid":{"rendered":"https:\/\/www.europesays.com\/be-fr\/240451\/"},"modified":"2026-09-05T15:28:24","modified_gmt":"2026-09-05T15:28:24","slug":"carte-de-mercator-pourquoi-la-geographie-mondiale-est-faussee","status":"publish","type":"post","link":"https:\/\/www.europesays.com\/be-fr\/240451\/","title":{"rendered":"Carte de Mercator\u00a0: pourquoi la g\u00e9ographie mondiale est fauss\u00e9e"},"content":{"rendered":"<p>  <img decoding=\"async\" class=\"r-img lazyloaded\" src=\"https:\/\/www.europesays.com\/be-fr\/wp-content\/uploads\/2026\/09\/1788622103_106_dalessandra.jpg\" alt=\"Thomas D'Alessandro\"\/><\/p>\n<p>Par <a href=\"https:\/\/www.rtl.be\/373137\/dpi-authors\/thomas-dalessandro\" rel=\"nofollow noopener\" target=\"_blank\">Thomas D&rsquo;Alessandro<\/a><\/p>\n<p>\tPubli\u00e9 le 05 septembre \u00e0 14h11\n<\/p>\n<p>  <a href=\"https:\/\/www.google.com\/preferences\/source?q=rtl%20info\" class=\"r-link--google-favorites\" role=\"button\">Ajoutez-nous \u00e0 vos favoris Google<\/a><br \/>\n\tLe planisph\u00e8re dessin\u00e9 par Mercator au 16e si\u00e8cle \u00e9tait initialement pr\u00e9vu pour les navigateurs. Probl\u00e8me\u00a0: il utilise de mauvaises proportions. Ce vendredi, \u00e0 l\u2019ONU, l\u2019Union Africaine, le Togo, et la France ont obtenu l\u2019adoption d\u2019une r\u00e9solution. Une nouvelle carte du monde avec la v\u00e9ritable taille des pays pourrait voir le jour. D\u00e9tails avec Laxmi Lota.<\/p>\n<p>&#13;<br \/>\n&#13;<\/p>\n<p>Pr\u00e9sent dans nos cours de g\u00e9ographie depuis la nuit des temps, le planisph\u00e8re dessin\u00e9 par Gerhard Mercator au 16e si\u00e8cle pr\u00e9sente des mauvaises proportions concernant certains pays. Cette carte \u00e9tait initialement pr\u00e9vue pour les navigateurs de l\u2019\u00e9poque. \u00ab\u00a0Ce qui est tr\u00e8s important c\u2019est de comprendre qu\u2019il le fait pour un usage bien pr\u00e9cis, c\u2019est la navigation. Les marins pour naviguer ont besoin d\u2019une carte sur laquelle lorsqu\u2019ils naviguent en ligne droite, \u00e7a correspond \u00e0 une ligne droite sur la carte, les ordres sont respect\u00e9s\u00a0\u00bb, d\u00e9voile Michel Li\u00e9geois, professeur de relations internationales \u00e0 l\u2019UCLouvain.<\/p>\n<p>\n  <img decoding=\"async\" data-copyright=\"Truesize.net\" class=\"r-img lazy\" data-  src=\"https:\/\/www.europesays.com\/be-fr\/wp-content\/uploads\/2026\/09\/100351812.png\" typeof=\"foaf:Image\" alt=\"R\u00e9elle taille de la Russie par rapport au continent africain.\"\/><img decoding=\"async\" class=\"r-img\" src=\"https:\/\/www.europesays.com\/be-fr\/wp-content\/uploads\/2026\/09\/100351812.png\" alt=\"R\u00e9elle taille de la Russie par rapport au continent africain.\"\/>R\u00e9elle taille de la Russie par rapport au continent africain. &#8211; Truesize.net\n<\/p>\n<p>Ce planisph\u00e8re est toujours utile pour les marins, mais au niveau des proportions, ce n\u2019est pas correct. Transposer le globe \u00e0 plat d\u00e9forme les territoires. Ce vendredi, l\u2019Union Africaine, le Togo et la France ont obtenu l\u2019adoption d\u2019une r\u00e9solution \u00e0 l\u2019ONU. \u00ab\u00a0La persistance de cette distorsion cartographique a entra\u00een\u00e9 au fil du temps des cons\u00e9quences profondes. Elle a notamment contribu\u00e9 \u00e0 minimiser symboliquement la taille de l\u2019Afrique et de plusieurs autres r\u00e9gions, entra\u00eenant une vision d\u00e9s\u00e9quilibr\u00e9e de la g\u00e9ographie mondiale\u00a0\u00bb, annonce Robert Dusey, ministre togolais des Affaires \u00c9trang\u00e8res.<\/p>\n<p>&#13;<br \/>\n&#13;<\/p>\n<p>&#13;<br \/>\n&#13;<\/p>\n<p>\n  &#13;<br \/>\n  \u00c0 lire aussi&#13;<br \/>\n  &#13;<\/p>\n<p>  <img decoding=\"async\" data-copyright=\"AFP\" class=\"r-img\"  typeof=\"foaf:Image\" src=\"https:\/\/www.europesays.com\/be-fr\/wp-content\/uploads\/2026\/09\/1788622104_137_93928223.jpeg\" alt=\"Belgaimage-181234555.jpg\"\/><br \/>\n        <a class=\"r-stories--link\" href=\"https:\/\/www.rtl.be\/actu\/monde\/international\/rechauffement-climatique-le-depassement-du-seuil-d15-degc-parait-inevitable\/2026-09-02\/article\/799008\" rel=\"nofollow noopener\" target=\"_blank\">R\u00e9chauffement\u00a0climatique : le d\u00e9passement du seuil d\u20191,5\u202f\u00b0C para\u00eet in\u00e9vitable selon les Nations Unies<\/a>&#13;<br \/>\n  &#13;<br \/>\n&#13;\n<\/p>\n<p>L\u2019exemple du Groenland est particuli\u00e8rement frappant. Sur la carte de Mercator il pr\u00e9sente une taille presque similaire \u00e0 celle du continent africain. Dans les faits, il n\u2019en est rien, et le territoire danois est en r\u00e9alit\u00e9 15 fois plus petit. En 1906, un nouveau planisph\u00e8re a fait son apparition, celui d\u2019Eckert IV. Plus proche de la r\u00e9alit\u00e9, il montre l\u2019Afrique plus grande, et les \u00c9tats-Unis plus petits.<\/p>\n<p>Pourquoi ne pas avoir chang\u00e9 de mod\u00e8le\u00a0?<\/p>\n<p>Si cette carte n\u2019a pas \u00e9t\u00e9 retenue ou apprise dans nos cours de g\u00e9ographie, c\u2019est pour une raison assez simple. \u00ab\u00a0Une raison presque esth\u00e9tique et de confort visuel, on est tellement familiaris\u00e9 avec la projection Mercator qu\u2019on a tendance \u00e0 penser inconsciemment que c\u2019est la bonne repr\u00e9sentation du monde\u00a0\u00bb, ajoute le professeur de relations internationales. Cette habitude reste importante \u00e0 changer pour comprendre davantage des probl\u00e8mes mondiaux, comme le d\u00e9r\u00e8glement climatique.<\/p>\n<p>&#13;<br \/>\n&#13;<\/p>\n<p>&#13;<br \/>\n&#13;<\/p>\n<p><a class=\"r-btn r-btn--tag\" href=\"https:\/\/www.rtl.be\/1645\/locations\/afrique\" title=\"Afrique\" rel=\"nofollow noopener\" target=\"_blank\">Afrique<\/a><br \/>\n<a class=\"r-btn r-btn--tag\" href=\"https:\/\/www.rtl.be\/333508\/locations\/russie\" title=\"Russie\" rel=\"nofollow noopener\" target=\"_blank\">Russie<\/a><br \/>\n<a class=\"r-btn r-btn--tag\" href=\"https:\/\/www.rtl.be\/1641\/locations\/europe\" title=\"Europe\" rel=\"nofollow noopener\" target=\"_blank\">Europe<\/a><\/p>\n","protected":false},"excerpt":{"rendered":"Par Thomas D&rsquo;Alessandro Publi\u00e9 le 05 septembre \u00e0 14h11 Ajoutez-nous \u00e0 vos favoris Google Le planisph\u00e8re dessin\u00e9 par&hellip;\n","protected":false},"author":2,"featured_media":240452,"comment_status":"","ping_status":"","sticky":false,"template":"","format":"standard","meta":{"footnotes":"","_share_on_mastodon":"0"},"categories":[8],"tags":[10,6203,12,13,18,17,74807,74809,70139,11,3172,74810,74808,74812,2252,74811],"class_list":["post-240451","post","type-post","status-publish","format-standard","has-post-thumbnail","category-actualites","tag-actualites","tag-afrique","tag-be","tag-be-fr","tag-belgique","tag-belgium","tag-carte-du-monde","tag-distorsion-cartographique","tag-geographie","tag-news","tag-onu","tag-planisphere","tag-projection-mercator","tag-proportions-des-continents","tag-togo","tag-union-africaine"],"share_on_mastodon":{"url":"https:\/\/pubeurope.com\/@be_fr\/117219145174906277","error":""},"_links":{"self":[{"href":"https:\/\/www.europesays.com\/be-fr\/wp-json\/wp\/v2\/posts\/240451","targetHints":{"allow":["GET"]}}],"collection":[{"href":"https:\/\/www.europesays.com\/be-fr\/wp-json\/wp\/v2\/posts"}],"about":[{"href":"https:\/\/www.europesays.com\/be-fr\/wp-json\/wp\/v2\/types\/post"}],"author":[{"embeddable":true,"href":"https:\/\/www.europesays.com\/be-fr\/wp-json\/wp\/v2\/users\/2"}],"replies":[{"embeddable":true,"href":"https:\/\/www.europesays.com\/be-fr\/wp-json\/wp\/v2\/comments?post=240451"}],"version-history":[{"count":0,"href":"https:\/\/www.europesays.com\/be-fr\/wp-json\/wp\/v2\/posts\/240451\/revisions"}],"wp:featuredmedia":[{"embeddable":true,"href":"https:\/\/www.europesays.com\/be-fr\/wp-json\/wp\/v2\/media\/240452"}],"wp:attachment":[{"href":"https:\/\/www.europesays.com\/be-fr\/wp-json\/wp\/v2\/media?parent=240451"}],"wp:term":[{"taxonomy":"category","embeddable":true,"href":"https:\/\/www.europesays.com\/be-fr\/wp-json\/wp\/v2\/categories?post=240451"},{"taxonomy":"post_tag","embeddable":true,"href":"https:\/\/www.europesays.com\/be-fr\/wp-json\/wp\/v2\/tags?post=240451"}],"curies":[{"name":"wp","href":"https:\/\/api.w.org\/{rel}","templated":true}]}}