{"id":240455,"date":"2026-09-05T15:30:15","date_gmt":"2026-09-05T15:30:15","guid":{"rendered":"https:\/\/www.europesays.com\/be-fr\/240455\/"},"modified":"2026-09-05T15:30:15","modified_gmt":"2026-09-05T15:30:15","slug":"des-centaines-dartistes-ont-dessine-toulouse-voici-a-quoi-ressemble-la-ville-rose-sous-leurs-pinceaux","status":"publish","type":"post","link":"https:\/\/www.europesays.com\/be-fr\/240455\/","title":{"rendered":"Des centaines d&rsquo;artistes ont dessin\u00e9 Toulouse : voici \u00e0 quoi ressemble la Ville rose sous leurs pinceaux"},"content":{"rendered":"<p>                    Par<\/p>\n<p>            <a href=\"https:\/\/actu.fr\/auteur\/riaute-mariane\" title=\"Consulter tous les articles de Mariane RIAUTE\" rel=\"nofollow noopener\" target=\"_blank\">Mariane RIAUTE<\/a><\/p>\n<p>        Publi\u00e9 le<\/p>\n<p>            5 sept. 2026 \u00e0 17h02        <\/p>\n<p>Des centaines d\u2019artistes venus du monde entier ont investi la Ville rose du mercredi\u00a015 au samedi 18\u00a0juillet 2026, \u00e0 l\u2019occasion de l\u2019<a href=\"https:\/\/actu.fr\/occitanie\/toulouse_31555\/des-centaines-d-artistes-venus-du-monde-entier-vont-dessiner-toulouse-sous-les-yeux-du-public_64534680.html\" rel=\"nofollow noopener\" target=\"_blank\">\u00e9v\u00e9nement Symposium urban sketchers<\/a>. Pendant quatre jours, ils ont \u00ab\u2009croqu\u00e9\u2009\u00bb sur le vif les b\u00e2timents, les rues et les paysages de <a href=\"https:\/\/actu.fr\/toulouse\/\" rel=\"nofollow noopener\" target=\"_blank\">Toulouse<\/a>, livrant chacun leur propre regard sur la ville. <a href=\"https:\/\/actu.fr\/toulouse\/\" rel=\"nofollow noopener\" target=\"_blank\">Actu Toulouse<\/a> a recueilli les t\u00e9moignages de plusieurs d\u2019entre eux et propose de d\u00e9couvrir une s\u00e9lection de ces \u0153uvres r\u00e9alis\u00e9es sur l\u2019instant. Autant de regards singuliers qui racontent l\u2019atmosph\u00e8re de la Ville rose.<\/p>\n<p>Coucher de soleil sur le Pont Neuf<\/p>\n<p class=\" wall-content\"><a href=\"https:\/\/www.instagram.com\/sharveysalkar\/\" rel=\"nofollow noopener\" target=\"_blank\">Sharvey Salkar<\/a> est venu d\u2019Allemagne pour dessiner la Ville rose. C\u2019\u00e9tait pour lui la premi\u00e8re fois qu\u2019il r\u00e9alisait des croquis dans le sud de la France.<\/p>\n<p class=\" wall-content\">\u00ab\u2009M\u00eame s\u2019il faisait extr\u00eamement chaud, j\u2019ai tout de m\u00eame pris beaucoup de plaisir \u00e0 dessiner, car la ville offre de nombreux espaces diff\u00e9rents\u2009\u00bb, raconte-t-il.<\/p>\n<p class=\" wall-content\">Plut\u00f4t que de se concentrer uniquement sur les lieux les plus connus, il a pass\u00e9 beaucoup de temps \u00e0 \u00ab\u2009croquer\u2009\u00bb les petites rues et places, les endroits moins fr\u00e9quent\u00e9s, afin \u00ab\u2009de faire appara\u00eetre sur le papier la v\u00e9ritable essence de Toulouse\u2009\u00bb et de \u00ab\u2009rechercher des histoires dans la ville.\u2009\u00bb<\/p>\n<p class=\" wall-content\">Dans ses dessins, il s\u2019attarde notamment sur la place Saintes-Scarbes, ses maisons aux tons chaleureux et ses caf\u00e9s, mais aussi sur les nuits calmes le long de la Garonne\u2026<\/p>\n<p>Vid\u00e9os : en ce moment sur Actu<\/p>\n<p class=\" wall-content\">Mais le temps fort de son s\u00e9jour reste, sans h\u00e9sitation, le coucher de soleil depuis le Pont Neuf, qu\u2019il a immortalis\u00e9 sur le papier. Un dernier moment suspendu, parfait pour conclure son voyage \u00e0 Toulouse.<\/p>\n<p class=\" wall-content\">\u00ab\u2009Aujourd\u2019hui, lorsque je regarde cette peinture, elle me rappelle toujours cette soir\u00e9e paisible au bord du fleuve, avec une brise agr\u00e9able\u2009\u00bb, conclut-il.<\/p>\n<p>    <img   decoding=\"async\" loading=\"lazy\" src=\"https:\/\/www.europesays.com\/be-fr\/wp-content\/uploads\/2026\/09\/salkar-toulouse-eve-01-960x640.jpg\" alt=\"L'artiste Sharvey Salkar, originaire d'Allemagne, a dessin\u00e9 le coucher de soleil sur le Pont Neuf, lors de sa venue \u00e0 Toulouse.\" width=\"960\" height=\"640\"\/><br \/>\n    L\u2019artiste Sharvey Salkar, originaire d\u2019Allemagne, a dessin\u00e9 le coucher de soleil sur le Pont Neuf, lors de sa venue \u00e0 Toulouse. (\u00a9Sharvey Salkar \u2013 Allemagne)Regard sur la basilique Saint-Sernin<\/p>\n<p class=\" wall-content\">Originaire de Tha\u00eflande, <a href=\"https:\/\/www.instagram.com\/nhoomatthews\/\" rel=\"nofollow noopener\" target=\"_blank\">Nhoo Matthews<\/a> vit depuis deux ans \u00e0 Toulouse et en a profit\u00e9 pour participer au Symposium urban sketchers.<\/p>\n<p class=\" wall-content\">C\u2019est d\u2019ailleurs la Ville rose qui lui a donn\u00e9 envie, en 2023, de se lancer pour la premi\u00e8re fois dans le dessin urbain. \u00ab\u2009Ce qui m\u2019a le plus marqu\u00e9e, c\u2019est le contraste entre le calme et l\u2019\u00e9nergie qui se d\u00e9gagent des diff\u00e9rents endroits\u2009: les b\u00e2timents anciens donnent une impression de calme, de stabilit\u00e9 et de patrimoine, tandis que l\u2019activit\u00e9 des habitants, des commerces et des caf\u00e9s transmet une \u00e9nergie joyeuse et pleine d\u2019enthousiasme\u2009\u00bb, d\u00e9crit l\u2019artiste.<\/p>\n<p class=\" wall-content\">Dans ses croquis, elle cherche avant tout \u00e0 \u00ab\u2009saisir le charme des lieux\u2009\u00bb. \u00ab\u2009Je pense que mes repr\u00e9sentations ressemblent davantage \u00e0 des instantan\u00e9s qu\u2019\u00e0 des peintures\u2009\u00bb, poursuit-elle.<\/p>\n<p>    <img   decoding=\"async\" loading=\"lazy\" src=\"https:\/\/www.europesays.com\/be-fr\/wp-content\/uploads\/2026\/09\/saint-sernin-1-960x640.jpg\" alt=\"Nhoo Matthews a fait le croquis de la Basilique St-Sernin \u00e0 l'occasion du rendez-vous Symposium urban sketchers de 2026\" width=\"960\" height=\"640\"\/><br \/>\n    Nhoo Matthews a fait le croquis de la Basilique Saint-Sernin \u00e0 l\u2019occasion du rendez-vous Symposium urban sketchers de 2026 (\u00a9Nhoo Matthews)Toulouse \u00e0 l\u2019encre rose<\/p>\n<p class=\" wall-content\">L\u2019artiste fran\u00e7aise <a href=\"https:\/\/www.instagram.com\/marielledurand.artist\/\" rel=\"nofollow noopener\" target=\"_blank\">Marielle Durand<\/a>, install\u00e9e \u00e0 Paris, a eu un v\u00e9ritable coup de c\u0153ur pour Toulouse. \u00ab\u2009J\u2019aurais pu dessiner \u00e0 chaque coin de rue\u2009!\u2009\u00bb, lance-t-elle.<\/p>\n<p class=\" wall-content\">\u00ab\u2009Je trouve Toulouse extr\u00eamement int\u00e9ressante du point de vue du dessin. Les ruelles \u00e9troites de sa vielle ville autant que les bords de la Garonne ou du Canal de Brienne sont vraiment aussi agr\u00e9ables que graphiques. J\u2019ai particuli\u00e8rement aim\u00e9 l\u2019\u00e9cluse du Canal de Brienne avec la vue de la Grave au fond, si typique et charmante\u2009\u00bb, relate-t-elle.<\/p>\n<p class=\" wall-content\">Elle poursuit\u2009: \u00ab\u2009Je me suis laiss\u00e9e porter par la douceur des beaux jours qui d\u00e9marraient, cherchant autant les petites places que les bords de l\u2019eau, la mythique Saint-Sernin, la foule \u00e0 la Daurade ou encore les ruelles plus calmes de Saint-Cyprien\u2026\u2009\u00bb<\/p>\n<p class=\" wall-content\">Marielle Durand a \u00e9galement r\u00e9alis\u00e9 le livre \u00ab\u2009\u00c0 l\u2019ombre de Toulouse\u2009\u00bb, enti\u00e8rement compos\u00e9 de croquis \u00e0 l\u2019encre rose, en hommage au surnom donn\u00e9 \u00e0 Toulouse.<\/p>\n<p>    <img   decoding=\"async\" loading=\"lazy\" src=\"https:\/\/www.europesays.com\/be-fr\/wp-content\/uploads\/2026\/09\/toulouse-2026-eau-la-grave-garonne-abattoirs-960x640.jpg\" alt=\"Marielle Durand a r\u00e9alis\u00e9 le livre ce livre \u00ab\u00a0A l\u2019ombre de Toulouse\u00a0\u00bb, enti\u00e8rement r\u00e9alis\u00e9 de croquis \u00e0 l'encre rose, hommage au surnom de Toulouse.\" width=\"960\" height=\"640\"\/><br \/>\n    Marielle Durand a r\u00e9alis\u00e9 le livre ce livre \u00ab\u2009A l\u2019ombre de Toulouse\u2009\u00bb, enti\u00e8rement r\u00e9alis\u00e9 de croquis \u00e0 l\u2019encre rose, hommage au surnom de Toulouse. (\u00a9Marielle Durand)Un bateau sur le canal du Midi<\/p>\n<p class=\" wall-content\"><a href=\"https:\/\/www.instagram.com\/jana_ryoshi\/\" rel=\"nofollow noopener\" target=\"_blank\">Jana Pescador<\/a>, originaire de Saragosse, en Espagne, et aujourd\u2019hui install\u00e9 au Pays Basque, a d\u00e9couvert Toulouse \u00e0 l\u2019occasion de cet \u00e9v\u00e9nement.<\/p>\n<p class=\" wall-content\">Un voyage qui l\u2019a particuli\u00e8rement marqu\u00e9e, comme elle l\u2019explique\u2009: \u00ab\u2009Des paysages au bord de la Garonne \u00e0 l\u2019architecture historique du centre-ville, en passant par les canaux, j\u2019ai \u00e9t\u00e9 compl\u00e8tement captiv\u00e9e. \u00c0 tel point que je suis revenue trois semaines plus tard avec ma famille pour leur faire d\u00e9couvrir les lieux que j\u2019avais dessin\u00e9s.\u2009\u00bb<\/p>\n<p class=\" wall-content\">Parmi ses croquis, celui d\u2019un bateau sur le canal occupe une place particuli\u00e8re. \u00ab\u2009J\u2019aime ce croquis parce qu\u2019il me rappelle le moment o\u00f9 j\u2019\u00e9tais assise au bord du canal, tandis que des gens couraient ou promenaient leurs chiens, tout en discutant avec une autre croqueuse urbaine venue d\u2019Oviedo que je venais de rencontrer ce jour-l\u00e0\u2009\u00bb, raconte-t-elle.<\/p>\n<p>    <img   decoding=\"async\" loading=\"lazy\" src=\"https:\/\/www.europesays.com\/be-fr\/wp-content\/uploads\/2026\/09\/sketch-960x640.jpg\" alt=\"Jana Pescador a dessin\u00e9 un bateau sur le canal du Midi lors de sa visite \u00e0 Toulouse, \u00e0 l'occasion de l'\u00e9v\u00e9nement Urban sketchers.\" width=\"960\" height=\"640\"\/><br \/>\n    Jana Pescador a dessin\u00e9 un bateau sur le canal du Midi lors de sa visite \u00e0 Toulouse, \u00e0 l\u2019occasion de l\u2019\u00e9v\u00e9nement Urban sketchers. (\u00a9Jana Pescador)Un Minotaure qui trempe le cahier<\/p>\n<p class=\" wall-content\"><a href=\"https:\/\/www.instagram.com\/marioalvar.ez\/\" rel=\"nofollow noopener\" target=\"_blank\">Mario \u00c1lvarez<\/a> est un artiste vivant \u00e0 Valence, en Espagne. Parmi les moments qui l\u2019ont marqu\u00e9 \u00e0 Toulouse, celui avec le Minotaure de la Halle de la machine, particuli\u00e8rement mouvement\u00e9.<\/p>\n<p class=\" wall-content\">\u00ab\u2009J\u2019ai vraiment \u00e9t\u00e9 surpris par l\u2019immense Minotaure de la Halle de la machine. Je ne m\u2019attendais pas \u00e0 ce qu\u2019il soit aussi grand. [\u2026] Le spectacle a commenc\u00e9 en plein milieu de mon dessin et ils ont d\u00e9plac\u00e9 la machine. J\u2019ai donc d\u00fb continuer \u00e0 le peindre de m\u00e9moire. Heureusement pour moi, cela n\u2019a dur\u00e9 qu\u2019un bref instant et, lorsqu\u2019il est revenu, il nous a recouverts de vapeur d\u2019eau. Il y en avait partout\u2009! Mon carnet de croquis s\u2019est donc retrouv\u00e9 couvert de toutes ces gouttes d\u2019eau. Rien de grave, juste une histoire de plus \u00e0 raconter\u2009\u00bb, se rem\u00e9more-t-il.<\/p>\n<p>    <img   decoding=\"async\" loading=\"lazy\" src=\"https:\/\/www.europesays.com\/be-fr\/wp-content\/uploads\/2026\/09\/whatsapp-image-2026-08-20-at-175848-2-960x640.jpeg\" alt=\"L'artiste Mario \u00c1lvarez est venu d'Espagne pour dessiner Toulouse. Il y a \" width=\"960\" height=\"640\"\/><br \/>\n    L\u2019artiste Mario \u00c1lvarez est venu d\u2019Espagne pour dessiner Toulouse. Il y a \u00ab\u2009croqu\u00e9\u2009\u00bb le Minotaure de la Halle de la machine. (\u00a9Mario \u00c1lvarez \u2013 Espagne)<\/p>\n<p class=\" wall-content\">S\u2019il a eu un coup de c\u0153ur pour la basilique Saint-Sernin, il a \u00e9galement \u00e9t\u00e9 marqu\u00e9 par l\u2019instant pass\u00e9 dans le Jardin japonais. \u00ab\u2009J\u2019ai ador\u00e9 cette sensation de voir des dizaines de personnes peindre tranquillement au m\u00eame endroit. Partager le m\u00eame sentiment et le m\u00eame moment\u2009\u00bb, relate-t-il.<\/p>\n<p>    <img   decoding=\"async\" loading=\"lazy\" src=\"https:\/\/www.europesays.com\/be-fr\/wp-content\/uploads\/2026\/09\/whatsapp-image-2026-08-20-at-175848-1-960x640.jpeg\" alt=\"Mario \u00c1lvarez a \u00e9galement dessin\u00e9 le Jardin japonais de Toulouse.\" width=\"960\" height=\"640\"\/><br \/>\n    Mario \u00c1lvarez a \u00e9galement dessin\u00e9 le Jardin japonais de Toulouse. (\u00a9Mario \u00c1lvarez \u2013 Espagne)Au bord du fleuve<\/p>\n<p class=\" wall-content\"><a href=\"https:\/\/www.instagram.com\/jar_artist\/\" rel=\"nofollow noopener\" target=\"_blank\">Juan Antonio Romero<\/a>, originaire de Madrid, en Espagne, ne connaissait pas Toulouse avant le Symposium. La d\u00e9couverte de la Ville rose a \u00e9t\u00e9 pour lui \u00ab\u2009une tr\u00e8s belle surprise\u2009\u00bb.<\/p>\n<p class=\" wall-content\">\u00ab\u2009En me promenant dans la ville, je me concentre g\u00e9n\u00e9ralement sur les principaux monuments ainsi que sur les rues et les lieux qui ont quelque chose de particulier, comme la Maison de la violette, le Jardin japonais ou le canal du Midi. Les sc\u00e8nes au bord du fleuve m\u2019ont \u00e9galement beaucoup surpris\u2009\u00bb, explique-t-il.<\/p>\n<p class=\" wall-content\">Le sketcher espagnol n\u2019a pas mang\u00e9 de lieux pour dessiner\u2009: \u00ab\u2009Il y a \u00e9norm\u00e9ment d\u2019endroits o\u00f9 l\u2019on peut prendre plaisir \u00e0 faire des croquis \u00e0 Toulouse.\u2009\u00bb<\/p>\n<p>    <img   decoding=\"async\" loading=\"lazy\" src=\"https:\/\/www.europesays.com\/be-fr\/wp-content\/uploads\/2026\/09\/canal-du-midi-toulouse-960x570.jpg\" alt=\"L'artiste venu d'Espagne, Juan Antonio Romero, a entre autres dessin\u00e9 le canal du Midi.\" width=\"960\" height=\"570\"\/><br \/>\n    L\u2019artiste venu d\u2019Espagne, Juan Antonio Romero, a entre autres dessin\u00e9 le canal du Midi. (\u00a9Juan Antonio Romero \u2013 Espagne)L\u2019architecture brutaliste en croquis<\/p>\n<p class=\" wall-content\"><a href=\"https:\/\/www.instagram.com\/jya_sketches\/\" rel=\"nofollow noopener\" target=\"_blank\">Adrian Foong<\/a>, qui vit \u00e0 Berlin, en Allemagne, est un grand amateur de l\u2019architecture brutaliste et a donc \u00e9t\u00e9 impressionn\u00e9 par la richesse des b\u00e2timents de Toulouse.<\/p>\n<p class=\" wall-content\">Peu surprenant, donc, qu\u2019il ait choisi de dessiner plusieurs b\u00e2timents brutalistes de Toulouse, comme la Caserne Jacques-Vion, qui accueillait alors l\u2019<a href=\"https:\/\/actu.fr\/occitanie\/toulouse_31555\/ca-deborde-immersion-au-coeur-de-mister-freeze-le-festival-de-street-art-de-retour-a-toulouse_64362043.html\" rel=\"nofollow noopener\" target=\"_blank\">exposition \u00ab\u2009\u00c7a d\u00e9borde\u2009!\u2009\u00bb de l\u2019artiste Mister Freeze<\/a>.<\/p>\n<p class=\" wall-content\">\u00ab\u2009Un homme qui m\u2019avait vu dessiner m\u2019en a parl\u00e9 et m\u2019a ensuite accueilli \u00e0 l\u2019int\u00e9rieur. Il s\u2019est av\u00e9r\u00e9 qu\u2019il \u00e9tait lui-m\u00eame sculpteur et qu\u2019il avait \u00e9galement son atelier sur place\u2009\u00bb, raconte-t-il.<\/p>\n<p class=\" wall-content\">Pour ses dessins, Adrian Foong explique aimer \u00ab\u2009s\u2019attarder sur les d\u00e9tails tout en conservant un trait souple et spontan\u00e9.\u2009\u00bb Il essaie \u00e9galement d\u2019int\u00e9grer les personnes qu\u2019il voit passer, car cela \u00ab\u2009apporte beaucoup de vie et de personnalit\u00e9\u2009\u00bb \u00e0 ses croquis.<\/p>\n<p>    <img   decoding=\"async\" loading=\"lazy\" src=\"https:\/\/www.europesays.com\/be-fr\/wp-content\/uploads\/2026\/09\/jya-sketches-toulouse-caserne-jacques-vion-960x640.jpg\" alt=\"Adrian Foong s'est attard\u00e9 sur les b\u00e2timents brutalistes de Toulouse. Ici, la caserne Jacques-Vion.\" width=\"960\" height=\"640\"\/><br \/>\n    Adrian Foong s\u2019est attard\u00e9 sur les b\u00e2timents brutalistes de Toulouse. Ici, la caserne Jacques-Vion. (\u00a9Adrian Foong \u2013 Allemagne)<\/p>\n<p class=\" wall-content\">Personnalisez votre actualit\u00e9 en ajoutant vos villes et m\u00e9dias en favori avec <a href=\"https:\/\/moncompte.actu.fr\" title=\"D\u00e9couvez Mon Actu\" rel=\"nofollow noopener\" data-trk=\"{&quot;cta&quot;:{&quot;action&quot;:&quot;https:\\\/\\\/moncompte.actu.fr&quot;,&quot;category&quot;:&quot;mon compte&quot;,&quot;from&quot;:&quot;article footer&quot;,&quot;name&quot;:&quot;Mon actu&quot;,&quot;type&quot;:&quot;cta&quot;}}\" target=\"_blank\">Mon Actu<\/a>.<\/p>\n<p>                    <script async src=\"\/\/www.instagram.com\/embed.js\"><\/script><\/p>\n","protected":false},"excerpt":{"rendered":"Par Mariane RIAUTE Publi\u00e9 le 5 sept. 2026 \u00e0 17h02 Des centaines d\u2019artistes venus du monde entier ont&hellip;\n","protected":false},"author":2,"featured_media":240456,"comment_status":"","ping_status":"","sticky":false,"template":"","format":"standard","meta":{"footnotes":"","_share_on_mastodon":"0"},"categories":[101],"tags":[126,124,125,12,13,18,17,127,96,95,476],"class_list":["post-240455","post","type-post","status-publish","format-standard","has-post-thumbnail","category-arts-et-design","tag-arts","tag-arts-and-design","tag-arts-et-design","tag-be","tag-be-fr","tag-belgique","tag-belgium","tag-design","tag-divertissement","tag-entertainment","tag-societe"],"share_on_mastodon":{"url":"https:\/\/pubeurope.com\/@be_fr\/117219152965224360","error":""},"_links":{"self":[{"href":"https:\/\/www.europesays.com\/be-fr\/wp-json\/wp\/v2\/posts\/240455","targetHints":{"allow":["GET"]}}],"collection":[{"href":"https:\/\/www.europesays.com\/be-fr\/wp-json\/wp\/v2\/posts"}],"about":[{"href":"https:\/\/www.europesays.com\/be-fr\/wp-json\/wp\/v2\/types\/post"}],"author":[{"embeddable":true,"href":"https:\/\/www.europesays.com\/be-fr\/wp-json\/wp\/v2\/users\/2"}],"replies":[{"embeddable":true,"href":"https:\/\/www.europesays.com\/be-fr\/wp-json\/wp\/v2\/comments?post=240455"}],"version-history":[{"count":0,"href":"https:\/\/www.europesays.com\/be-fr\/wp-json\/wp\/v2\/posts\/240455\/revisions"}],"wp:featuredmedia":[{"embeddable":true,"href":"https:\/\/www.europesays.com\/be-fr\/wp-json\/wp\/v2\/media\/240456"}],"wp:attachment":[{"href":"https:\/\/www.europesays.com\/be-fr\/wp-json\/wp\/v2\/media?parent=240455"}],"wp:term":[{"taxonomy":"category","embeddable":true,"href":"https:\/\/www.europesays.com\/be-fr\/wp-json\/wp\/v2\/categories?post=240455"},{"taxonomy":"post_tag","embeddable":true,"href":"https:\/\/www.europesays.com\/be-fr\/wp-json\/wp\/v2\/tags?post=240455"}],"curies":[{"name":"wp","href":"https:\/\/api.w.org\/{rel}","templated":true}]}}